{"id":2193,"date":"2022-09-07T09:10:34","date_gmt":"2022-09-07T09:10:34","guid":{"rendered":"http:\/\/www.csepelivaroskep.hu\/hirmondo\/?p=2193"},"modified":"2022-09-07T09:10:35","modified_gmt":"2022-09-07T09:10:35","slug":"csepeli-hirmondo-xiii-17-szam","status":"publish","type":"post","link":"https:\/\/www.csepelivaroskep.hu\/hirmondo\/2022\/09\/07\/csepeli-hirmondo-xiii-17-szam\/","title":{"rendered":"Csepeli H\u00edrmond\u00f3 XIII.\/17.sz\u00e1m"},"content":{"rendered":"\n<p>Megjelent a Csepeli H\u00edrmond\u00f3 legfrissebb sz\u00e1ma. A tartalomb\u00f3l: \u00c9vnyit\u00f3 a fel\u00faj\u00edtott Katona J\u00f3zsef iskol\u00e1ban, \u00c9letment\u0151 injekci\u00f3 a s\u00falyos allergi\u00e1s reakci\u00f3k gyors kezel\u00e9s\u00e9re, H\u00c9V-korszer\u0171s\u00edt\u00e9s: mi v\u00e1rhat\u00f3?, B\u00facs\u00fa Lipati Istv\u00e1nt\u00f3l, Egy feltat\u00e1l\u00f3 zseni a K\u00f3rus utc\u00e1ban, Rov\u00e1s\u00edr\u00e1s &#8211; egy \u0151si \u00edr\u00e1sm\u00f3d nyom\u00e1ban, \u0150szk\u00f6sz\u00f6nt\u0151 a Kis-Duna-parton, rejtv\u00e9ny, programaj\u00e1nl\u00f3. Lek\u00f6zelebbi sz\u00e1munk szeptember 21-\u00e9n jelenik meg.<\/p>\n\n\n<a href=\"https:\/\/www.csepelivaroskep.hu\/hirmondo\/wp-content\/uploads\/sites\/7\/2022\/09\/CSH_282_04-1.pdf\" class=\"pdfemb-viewer\" style=\"\" data-width=\"max\" data-height=\"max\" data-mobile-width=\"0\"  data-scrollbar=\"none\" data-download=\"on\" data-tracking=\"on\" data-newwindow=\"on\" data-pagetextbox=\"off\" data-scrolltotop=\"off\" data-startzoom=\"100\" data-startfpzoom=\"100\" data-toolbar=\"both\" data-toolbar-fixed=\"on\">CSH_282_04-1<br\/><\/a>\n<p class=\"wp-block-pdfemb-pdf-embedder-viewer\"><\/p>\n","protected":false},"excerpt":{"rendered":"<p>Megjelent a Csepeli H\u00edrmond\u00f3 legfrissebb sz\u00e1ma. A tartalomb\u00f3l: \u00c9vnyit\u00f3 a fel\u00faj\u00edtott Katona J\u00f3zsef iskol\u00e1ban, \u00c9letment\u0151 injekci\u00f3 a s\u00falyos allergi\u00e1s reakci\u00f3k gyors kezel\u00e9s\u00e9re, H\u00c9V-korszer\u0171s\u00edt\u00e9s: mi v\u00e1rhat\u00f3?, B\u00facs\u00fa Lipati Istv\u00e1nt\u00f3l, Egy feltat\u00e1l\u00f3 zseni a K\u00f3rus utc\u00e1ban, Rov\u00e1s\u00edr\u00e1s &#8211; egy \u0151si \u00edr\u00e1sm\u00f3d nyom\u00e1ban, \u0150szk\u00f6sz\u00f6nt\u0151 a Kis-Duna-parton, rejtv\u00e9ny, programaj\u00e1nl\u00f3. Lek\u00f6zelebbi sz\u00e1munk szeptember 21-\u00e9n jelenik meg.<\/p>\n","protected":false},"author":2,"featured_media":2192,"comment_status":"open","ping_status":"open","sticky":false,"template":"","format":"standard","meta":[],"categories":[9,12],"tags":[],"acf":[],"_links":{"self":[{"href":"https:\/\/www.csepelivaroskep.hu\/hirmondo\/wp-json\/wp\/v2\/posts\/2193"}],"collection":[{"href":"https:\/\/www.csepelivaroskep.hu\/hirmondo\/wp-json\/wp\/v2\/posts"}],"about":[{"href":"https:\/\/www.csepelivaroskep.hu\/hirmondo\/wp-json\/wp\/v2\/types\/post"}],"author":[{"embeddable":true,"href":"https:\/\/www.csepelivaroskep.hu\/hirmondo\/wp-json\/wp\/v2\/users\/2"}],"replies":[{"embeddable":true,"href":"https:\/\/www.csepelivaroskep.hu\/hirmondo\/wp-json\/wp\/v2\/comments?post=2193"}],"version-history":[{"count":1,"href":"https:\/\/www.csepelivaroskep.hu\/hirmondo\/wp-json\/wp\/v2\/posts\/2193\/revisions"}],"predecessor-version":[{"id":2194,"href":"https:\/\/www.csepelivaroskep.hu\/hirmondo\/wp-json\/wp\/v2\/posts\/2193\/revisions\/2194"}],"wp:featuredmedia":[{"embeddable":true,"href":"https:\/\/www.csepelivaroskep.hu\/hirmondo\/wp-json\/wp\/v2\/media\/2192"}],"wp:attachment":[{"href":"https:\/\/www.csepelivaroskep.hu\/hirmondo\/wp-json\/wp\/v2\/media?parent=2193"}],"wp:term":[{"taxonomy":"category","embeddable":true,"href":"https:\/\/www.csepelivaroskep.hu\/hirmondo\/wp-json\/wp\/v2\/categories?post=2193"},{"taxonomy":"post_tag","embeddable":true,"href":"https:\/\/www.csepelivaroskep.hu\/hirmondo\/wp-json\/wp\/v2\/tags?post=2193"}],"curies":[{"name":"wp","href":"https:\/\/api.w.org\/{rel}","templated":true}]}}