{"id":2198,"date":"2022-09-21T08:15:35","date_gmt":"2022-09-21T08:15:35","guid":{"rendered":"http:\/\/www.csepelivaroskep.hu\/hirmondo\/?p=2198"},"modified":"2022-09-21T08:15:37","modified_gmt":"2022-09-21T08:15:37","slug":"csepeli-hirmondo-xiii-18-szam","status":"publish","type":"post","link":"https:\/\/www.csepelivaroskep.hu\/hirmondo\/2022\/09\/21\/csepeli-hirmondo-xiii-18-szam\/","title":{"rendered":"Csepeli H\u00edrmond\u00f3 XIII.\/18.sz\u00e1m"},"content":{"rendered":"\n<p>Megjelent a Csepeli H\u00edrmond\u00f3 legfrissebb sz\u00e1ma. A tartalomb\u00f3l: Ifj\u00fas\u00e1gi t\u00e1bor: m\u00e1r zajlik az \u00faj \u00e9p\u00fcletek alapoz\u00e1sa, Mi t\u00f6rt\u00e9nt a ker\u00e9kp\u00e1r\u00fattal?, Elhunyt Wittner M\u00e1ria, 1956 h\u0151se, Ism\u00e9t tal\u00e1lkoztak a Csepel M\u0171vek egykori dolgoz\u00f3i, Aranylakodalom: \u00e9vtizedek \u00f3ta egy\u00fctt, K\u00e9zzel k\u00e9sz\u00fclt sz\u0151nyegek a csepeli m\u0171helyb\u0151l, Kamarazenei fesztiv\u00e1l, Junior vil\u00e1gbajnoki \u00f6t\u00f6dik lett Angyal Kriszti\u00e1n birk\u00f3z\u00f3, Negyvenk\u00e9t \u00e9v a piacon: vir\u00e1g\u00e1rus, akit mindenki ismer, Hat textilm\u0171v\u00e9sz t\u00e1rlata, rejtv\u00e9ny, ker\u00fcleti programaj\u00e1nl\u00f3. Legk\u00f6zelebbi sz\u00e1munk okt\u00f3ber 5-\u00e9n jelenik meg.<\/p>\n\n\n<a href=\"https:\/\/www.csepelivaroskep.hu\/hirmondo\/wp-content\/uploads\/sites\/7\/2022\/09\/CSH_283.pdf\" class=\"pdfemb-viewer\" style=\"\" data-width=\"max\" data-height=\"max\" data-mobile-width=\"0\"  data-scrollbar=\"none\" data-download=\"on\" data-tracking=\"on\" data-newwindow=\"on\" data-pagetextbox=\"off\" data-scrolltotop=\"off\" data-startzoom=\"100\" data-startfpzoom=\"100\" data-toolbar=\"both\" data-toolbar-fixed=\"on\">CSH_283<br\/><\/a>\n<p class=\"wp-block-pdfemb-pdf-embedder-viewer\"><\/p>\n","protected":false},"excerpt":{"rendered":"<p>Megjelent a Csepeli H\u00edrmond\u00f3 legfrissebb sz\u00e1ma. A tartalomb\u00f3l: Ifj\u00fas\u00e1gi t\u00e1bor: m\u00e1r zajlik az \u00faj \u00e9p\u00fcletek alapoz\u00e1sa, Mi t\u00f6rt\u00e9nt a ker\u00e9kp\u00e1r\u00fattal?, Elhunyt Wittner M\u00e1ria, 1956 h\u0151se, Ism\u00e9t tal\u00e1lkoztak a Csepel M\u0171vek egykori dolgoz\u00f3i, Aranylakodalom: \u00e9vtizedek \u00f3ta egy\u00fctt, K\u00e9zzel k\u00e9sz\u00fclt sz\u0151nyegek a csepeli m\u0171helyb\u0151l, Kamarazenei fesztiv\u00e1l, Junior vil\u00e1gbajnoki \u00f6t\u00f6dik lett Angyal Kriszti\u00e1n birk\u00f3z\u00f3, Negyvenk\u00e9t \u00e9v a piacon: [&hellip;]<\/p>\n","protected":false},"author":2,"featured_media":2196,"comment_status":"open","ping_status":"open","sticky":false,"template":"","format":"standard","meta":[],"categories":[9,12],"tags":[],"acf":[],"_links":{"self":[{"href":"https:\/\/www.csepelivaroskep.hu\/hirmondo\/wp-json\/wp\/v2\/posts\/2198"}],"collection":[{"href":"https:\/\/www.csepelivaroskep.hu\/hirmondo\/wp-json\/wp\/v2\/posts"}],"about":[{"href":"https:\/\/www.csepelivaroskep.hu\/hirmondo\/wp-json\/wp\/v2\/types\/post"}],"author":[{"embeddable":true,"href":"https:\/\/www.csepelivaroskep.hu\/hirmondo\/wp-json\/wp\/v2\/users\/2"}],"replies":[{"embeddable":true,"href":"https:\/\/www.csepelivaroskep.hu\/hirmondo\/wp-json\/wp\/v2\/comments?post=2198"}],"version-history":[{"count":1,"href":"https:\/\/www.csepelivaroskep.hu\/hirmondo\/wp-json\/wp\/v2\/posts\/2198\/revisions"}],"predecessor-version":[{"id":2199,"href":"https:\/\/www.csepelivaroskep.hu\/hirmondo\/wp-json\/wp\/v2\/posts\/2198\/revisions\/2199"}],"wp:featuredmedia":[{"embeddable":true,"href":"https:\/\/www.csepelivaroskep.hu\/hirmondo\/wp-json\/wp\/v2\/media\/2196"}],"wp:attachment":[{"href":"https:\/\/www.csepelivaroskep.hu\/hirmondo\/wp-json\/wp\/v2\/media?parent=2198"}],"wp:term":[{"taxonomy":"category","embeddable":true,"href":"https:\/\/www.csepelivaroskep.hu\/hirmondo\/wp-json\/wp\/v2\/categories?post=2198"},{"taxonomy":"post_tag","embeddable":true,"href":"https:\/\/www.csepelivaroskep.hu\/hirmondo\/wp-json\/wp\/v2\/tags?post=2198"}],"curies":[{"name":"wp","href":"https:\/\/api.w.org\/{rel}","templated":true}]}}