{"id":2202,"date":"2022-10-05T07:34:07","date_gmt":"2022-10-05T07:34:07","guid":{"rendered":"http:\/\/www.csepelivaroskep.hu\/hirmondo\/?p=2202"},"modified":"2022-10-05T07:34:08","modified_gmt":"2022-10-05T07:34:08","slug":"csepeli-hirmondo-xiii-19-szam","status":"publish","type":"post","link":"https:\/\/www.csepelivaroskep.hu\/hirmondo\/2022\/10\/05\/csepeli-hirmondo-xiii-19-szam\/","title":{"rendered":"Csepeli H\u00edrmond\u00f3 XIII.\/19.sz\u00e1m"},"content":{"rendered":"\n<p>Megjelent a Csepeli H\u00edrmond\u00f3 legfrissebb sz\u00e1ma. A tartalomb\u00f3l: Polg\u00e1rmesteri t\u00e1j\u00e9koztat\u00f3, Nem ker\u00fclnek utc\u00e1ra a csepeli munk\u00e1ssz\u00e1ll\u00f3 lak\u00f3i, Borb\u00e9ly L\u00e9n\u00e1rd: &#8220;Csepelre hoztuk az orsz\u00e1g egyik legmen\u0151bb zenei klubj\u00e1t, a Barba Negr\u00e1t&#8221;, Bokr\u00e9ta\u00fcnnep a Jedlikben, Id\u0151sek vil\u00e1gnapja: haj\u00f3kir\u00e1ndul\u00e1s \u00e9s k\u00f6z\u00f6s eb\u00e9d, Terepasztal a pinc\u00e9ben, Hungarikum Fesztiv\u00e1l Csepelen, Fut a Csepel negyvenkettedik alkalommal, Sz\u00fclet\u00e9snapok, \u0150szi \u00f3ra\u00e1t\u00e1ll\u00e1s, rejtv\u00e9ny, programaj\u00e1nl\u00f3. K\u00f6vetkez\u0151 sz\u00e1munk okt\u00f3ber 19-\u00e9n jelenik meg.<\/p>\n\n\n<a href=\"https:\/\/www.csepelivaroskep.hu\/hirmondo\/wp-content\/uploads\/sites\/7\/2022\/10\/CSH_284.pdf\" class=\"pdfemb-viewer\" style=\"\" data-width=\"max\" data-height=\"max\" data-mobile-width=\"0\"  data-scrollbar=\"none\" data-download=\"on\" data-tracking=\"on\" data-newwindow=\"on\" data-pagetextbox=\"off\" data-scrolltotop=\"off\" data-startzoom=\"100\" data-startfpzoom=\"100\" data-toolbar=\"both\" data-toolbar-fixed=\"on\">CSH_284<br\/><\/a>\n<p class=\"wp-block-pdfemb-pdf-embedder-viewer\"><\/p>\n","protected":false},"excerpt":{"rendered":"<p>Megjelent a Csepeli H\u00edrmond\u00f3 legfrissebb sz\u00e1ma. A tartalomb\u00f3l: Polg\u00e1rmesteri t\u00e1j\u00e9koztat\u00f3, Nem ker\u00fclnek utc\u00e1ra a csepeli munk\u00e1ssz\u00e1ll\u00f3 lak\u00f3i, Borb\u00e9ly L\u00e9n\u00e1rd: &#8220;Csepelre hoztuk az orsz\u00e1g egyik legmen\u0151bb zenei klubj\u00e1t, a Barba Negr\u00e1t&#8221;, Bokr\u00e9ta\u00fcnnep a Jedlikben, Id\u0151sek vil\u00e1gnapja: haj\u00f3kir\u00e1ndul\u00e1s \u00e9s k\u00f6z\u00f6s eb\u00e9d, Terepasztal a pinc\u00e9ben, Hungarikum Fesztiv\u00e1l Csepelen, Fut a Csepel negyvenkettedik alkalommal, Sz\u00fclet\u00e9snapok, \u0150szi \u00f3ra\u00e1t\u00e1ll\u00e1s, rejtv\u00e9ny, programaj\u00e1nl\u00f3. [&hellip;]<\/p>\n","protected":false},"author":2,"featured_media":2201,"comment_status":"open","ping_status":"open","sticky":false,"template":"","format":"standard","meta":[],"categories":[9,12],"tags":[],"acf":[],"_links":{"self":[{"href":"https:\/\/www.csepelivaroskep.hu\/hirmondo\/wp-json\/wp\/v2\/posts\/2202"}],"collection":[{"href":"https:\/\/www.csepelivaroskep.hu\/hirmondo\/wp-json\/wp\/v2\/posts"}],"about":[{"href":"https:\/\/www.csepelivaroskep.hu\/hirmondo\/wp-json\/wp\/v2\/types\/post"}],"author":[{"embeddable":true,"href":"https:\/\/www.csepelivaroskep.hu\/hirmondo\/wp-json\/wp\/v2\/users\/2"}],"replies":[{"embeddable":true,"href":"https:\/\/www.csepelivaroskep.hu\/hirmondo\/wp-json\/wp\/v2\/comments?post=2202"}],"version-history":[{"count":1,"href":"https:\/\/www.csepelivaroskep.hu\/hirmondo\/wp-json\/wp\/v2\/posts\/2202\/revisions"}],"predecessor-version":[{"id":2203,"href":"https:\/\/www.csepelivaroskep.hu\/hirmondo\/wp-json\/wp\/v2\/posts\/2202\/revisions\/2203"}],"wp:featuredmedia":[{"embeddable":true,"href":"https:\/\/www.csepelivaroskep.hu\/hirmondo\/wp-json\/wp\/v2\/media\/2201"}],"wp:attachment":[{"href":"https:\/\/www.csepelivaroskep.hu\/hirmondo\/wp-json\/wp\/v2\/media?parent=2202"}],"wp:term":[{"taxonomy":"category","embeddable":true,"href":"https:\/\/www.csepelivaroskep.hu\/hirmondo\/wp-json\/wp\/v2\/categories?post=2202"},{"taxonomy":"post_tag","embeddable":true,"href":"https:\/\/www.csepelivaroskep.hu\/hirmondo\/wp-json\/wp\/v2\/tags?post=2202"}],"curies":[{"name":"wp","href":"https:\/\/api.w.org\/{rel}","templated":true}]}}