{"id":2206,"date":"2022-10-19T08:06:26","date_gmt":"2022-10-19T08:06:26","guid":{"rendered":"http:\/\/www.csepelivaroskep.hu\/hirmondo\/?p=2206"},"modified":"2022-10-19T08:06:27","modified_gmt":"2022-10-19T08:06:27","slug":"csepeli-hirmondo-xiii-20-szam","status":"publish","type":"post","link":"https:\/\/www.csepelivaroskep.hu\/hirmondo\/2022\/10\/19\/csepeli-hirmondo-xiii-20-szam\/","title":{"rendered":"Csepeli H\u00edrmond\u00f3 XIII.\/20.sz\u00e1m"},"content":{"rendered":"\n<p>Megjelent a Csepeli H\u00edrmond\u00f3 leg\u00fajabb sz\u00e1ma. A tartalomb\u00f3l: Fogjunk \u00f6ssze \u00fajra &#8211; interj\u00fa Borb\u00e9ly L\u00e9n\u00e1rd polg\u00e1rmesterrel, K\u00f6lt\u00f6zik a t\u00fcd\u0151gondoz\u00f3, v\u00e1ltoz\u00e1sok a fog\u00e1szati szakrendel\u00e9sben, Rong\u00e1l\u00e1sok a Tej\u00fat parkban, METRANS: \u00f6t \u00e9v Csepelen, Megny\u00edlt a Barba Negra, Vari\u00e1ci\u00f3k magyar filmplak\u00e1tra, Torn\u00e1szb\u00f3l lett szobr\u00e1szm\u0171v\u00e9sz,  Zene, t\u00e1nc \u00e9s b\u00e1l a sv\u00e1bok s\u00f6rfesztiv\u00e1lj\u00e1n, Grundon kezdett focizni az ifiv\u00e1logatott T\u00f6r\u0151 L\u00e1szl\u00f3, rejtv\u00e9ny, programaj\u00e1nl\u00f3. Legk\u00f6zelebbi sz\u00e1munk november 2-\u00e1n jelenik meg.<\/p>\n\n\n<a href=\"https:\/\/www.csepelivaroskep.hu\/hirmondo\/wp-content\/uploads\/sites\/7\/2022\/10\/CSH_285.pdf\" class=\"pdfemb-viewer\" style=\"\" data-width=\"max\" data-height=\"max\" data-mobile-width=\"0\"  data-scrollbar=\"none\" data-download=\"on\" data-tracking=\"on\" data-newwindow=\"on\" data-pagetextbox=\"off\" data-scrolltotop=\"off\" data-startzoom=\"100\" data-startfpzoom=\"100\" data-toolbar=\"both\" data-toolbar-fixed=\"on\">CSH_285<br\/><\/a>\n<p class=\"wp-block-pdfemb-pdf-embedder-viewer\"><\/p>\n","protected":false},"excerpt":{"rendered":"<p>Megjelent a Csepeli H\u00edrmond\u00f3 leg\u00fajabb sz\u00e1ma. A tartalomb\u00f3l: Fogjunk \u00f6ssze \u00fajra &#8211; interj\u00fa Borb\u00e9ly L\u00e9n\u00e1rd polg\u00e1rmesterrel, K\u00f6lt\u00f6zik a t\u00fcd\u0151gondoz\u00f3, v\u00e1ltoz\u00e1sok a fog\u00e1szati szakrendel\u00e9sben, Rong\u00e1l\u00e1sok a Tej\u00fat parkban, METRANS: \u00f6t \u00e9v Csepelen, Megny\u00edlt a Barba Negra, Vari\u00e1ci\u00f3k magyar filmplak\u00e1tra, Torn\u00e1szb\u00f3l lett szobr\u00e1szm\u0171v\u00e9sz, Zene, t\u00e1nc \u00e9s b\u00e1l a sv\u00e1bok s\u00f6rfesztiv\u00e1lj\u00e1n, Grundon kezdett focizni az ifiv\u00e1logatott T\u00f6r\u0151 L\u00e1szl\u00f3, [&hellip;]<\/p>\n","protected":false},"author":2,"featured_media":2205,"comment_status":"open","ping_status":"open","sticky":false,"template":"","format":"standard","meta":[],"categories":[9,12],"tags":[],"acf":[],"_links":{"self":[{"href":"https:\/\/www.csepelivaroskep.hu\/hirmondo\/wp-json\/wp\/v2\/posts\/2206"}],"collection":[{"href":"https:\/\/www.csepelivaroskep.hu\/hirmondo\/wp-json\/wp\/v2\/posts"}],"about":[{"href":"https:\/\/www.csepelivaroskep.hu\/hirmondo\/wp-json\/wp\/v2\/types\/post"}],"author":[{"embeddable":true,"href":"https:\/\/www.csepelivaroskep.hu\/hirmondo\/wp-json\/wp\/v2\/users\/2"}],"replies":[{"embeddable":true,"href":"https:\/\/www.csepelivaroskep.hu\/hirmondo\/wp-json\/wp\/v2\/comments?post=2206"}],"version-history":[{"count":1,"href":"https:\/\/www.csepelivaroskep.hu\/hirmondo\/wp-json\/wp\/v2\/posts\/2206\/revisions"}],"predecessor-version":[{"id":2207,"href":"https:\/\/www.csepelivaroskep.hu\/hirmondo\/wp-json\/wp\/v2\/posts\/2206\/revisions\/2207"}],"wp:featuredmedia":[{"embeddable":true,"href":"https:\/\/www.csepelivaroskep.hu\/hirmondo\/wp-json\/wp\/v2\/media\/2205"}],"wp:attachment":[{"href":"https:\/\/www.csepelivaroskep.hu\/hirmondo\/wp-json\/wp\/v2\/media?parent=2206"}],"wp:term":[{"taxonomy":"category","embeddable":true,"href":"https:\/\/www.csepelivaroskep.hu\/hirmondo\/wp-json\/wp\/v2\/categories?post=2206"},{"taxonomy":"post_tag","embeddable":true,"href":"https:\/\/www.csepelivaroskep.hu\/hirmondo\/wp-json\/wp\/v2\/tags?post=2206"}],"curies":[{"name":"wp","href":"https:\/\/api.w.org\/{rel}","templated":true}]}}