{"id":2251,"date":"2022-11-02T08:38:32","date_gmt":"2022-11-02T08:38:32","guid":{"rendered":"http:\/\/www.csepelivaroskep.hu\/hirmondo\/?p=2251"},"modified":"2022-11-02T08:38:34","modified_gmt":"2022-11-02T08:38:34","slug":"csepeli-hirmondo-xiii-21-szam","status":"publish","type":"post","link":"https:\/\/www.csepelivaroskep.hu\/hirmondo\/2022\/11\/02\/csepeli-hirmondo-xiii-21-szam\/","title":{"rendered":"Csepeli H\u00edrmond\u00f3 XIII.\/21.sz\u00e1m"},"content":{"rendered":"\n<p>Megjelent a Csepeli H\u00edrmond\u00f3 legfrissebb sz\u00e1ma. A tartalomb\u00f3l:  Elindul a T\u00e1ncsics Mih\u00e1ly utca fel\u00faj\u00edt\u00e1sa, Parkavat\u00e1s, megeml\u00e9kez\u00e9s, kit\u00fcntet\u00e9sek, \u0150rt\u0171z a Daru-dombon, T\u00e1madnak az \u0151szi v\u00edrusok, Mesterm\u0171vek a Bronz\u00f6nt\u0151 utc\u00e1ban, T\u00f6r\u00f6k Ferenc sportl\u00f6v\u0151 vil\u00e1gbajnoki bronz\u00e9rmes, Egy klasszikus angolszab\u00f3 Csepelen, B\u00e1tors\u00e1gpr\u00f3ba eleml\u00e1mp\u00e1val, programaj\u00e1nl\u00f3, rejtv\u00e9ny. Legk\u00f6zelebbi sz\u00e1munk november 16-\u00e1n jelenik meg.<\/p>\n\n\n<a href=\"https:\/\/www.csepelivaroskep.hu\/hirmondo\/wp-content\/uploads\/sites\/7\/2022\/11\/CSH_286.pdf\" class=\"pdfemb-viewer\" style=\"\" data-width=\"max\" data-height=\"max\" data-mobile-width=\"0\"  data-scrollbar=\"none\" data-download=\"on\" data-tracking=\"on\" data-newwindow=\"on\" data-pagetextbox=\"off\" data-scrolltotop=\"off\" data-startzoom=\"100\" data-startfpzoom=\"100\" data-toolbar=\"both\" data-toolbar-fixed=\"on\">CSH_286<br\/><\/a>\n<p class=\"wp-block-pdfemb-pdf-embedder-viewer\"><\/p>\n","protected":false},"excerpt":{"rendered":"<p>Megjelent a Csepeli H\u00edrmond\u00f3 legfrissebb sz\u00e1ma. A tartalomb\u00f3l: Elindul a T\u00e1ncsics Mih\u00e1ly utca fel\u00faj\u00edt\u00e1sa, Parkavat\u00e1s, megeml\u00e9kez\u00e9s, kit\u00fcntet\u00e9sek, \u0150rt\u0171z a Daru-dombon, T\u00e1madnak az \u0151szi v\u00edrusok, Mesterm\u0171vek a Bronz\u00f6nt\u0151 utc\u00e1ban, T\u00f6r\u00f6k Ferenc sportl\u00f6v\u0151 vil\u00e1gbajnoki bronz\u00e9rmes, Egy klasszikus angolszab\u00f3 Csepelen, B\u00e1tors\u00e1gpr\u00f3ba eleml\u00e1mp\u00e1val, programaj\u00e1nl\u00f3, rejtv\u00e9ny. Legk\u00f6zelebbi sz\u00e1munk november 16-\u00e1n jelenik meg.<\/p>\n","protected":false},"author":2,"featured_media":2250,"comment_status":"open","ping_status":"open","sticky":false,"template":"","format":"standard","meta":[],"categories":[9,12],"tags":[],"acf":[],"_links":{"self":[{"href":"https:\/\/www.csepelivaroskep.hu\/hirmondo\/wp-json\/wp\/v2\/posts\/2251"}],"collection":[{"href":"https:\/\/www.csepelivaroskep.hu\/hirmondo\/wp-json\/wp\/v2\/posts"}],"about":[{"href":"https:\/\/www.csepelivaroskep.hu\/hirmondo\/wp-json\/wp\/v2\/types\/post"}],"author":[{"embeddable":true,"href":"https:\/\/www.csepelivaroskep.hu\/hirmondo\/wp-json\/wp\/v2\/users\/2"}],"replies":[{"embeddable":true,"href":"https:\/\/www.csepelivaroskep.hu\/hirmondo\/wp-json\/wp\/v2\/comments?post=2251"}],"version-history":[{"count":1,"href":"https:\/\/www.csepelivaroskep.hu\/hirmondo\/wp-json\/wp\/v2\/posts\/2251\/revisions"}],"predecessor-version":[{"id":2252,"href":"https:\/\/www.csepelivaroskep.hu\/hirmondo\/wp-json\/wp\/v2\/posts\/2251\/revisions\/2252"}],"wp:featuredmedia":[{"embeddable":true,"href":"https:\/\/www.csepelivaroskep.hu\/hirmondo\/wp-json\/wp\/v2\/media\/2250"}],"wp:attachment":[{"href":"https:\/\/www.csepelivaroskep.hu\/hirmondo\/wp-json\/wp\/v2\/media?parent=2251"}],"wp:term":[{"taxonomy":"category","embeddable":true,"href":"https:\/\/www.csepelivaroskep.hu\/hirmondo\/wp-json\/wp\/v2\/categories?post=2251"},{"taxonomy":"post_tag","embeddable":true,"href":"https:\/\/www.csepelivaroskep.hu\/hirmondo\/wp-json\/wp\/v2\/tags?post=2251"}],"curies":[{"name":"wp","href":"https:\/\/api.w.org\/{rel}","templated":true}]}}