{"id":2259,"date":"2022-11-30T11:52:25","date_gmt":"2022-11-30T11:52:25","guid":{"rendered":"http:\/\/www.csepelivaroskep.hu\/hirmondo\/?p=2259"},"modified":"2022-11-30T11:56:07","modified_gmt":"2022-11-30T11:56:07","slug":"csepeli-hirmondo-xiii-23-szam","status":"publish","type":"post","link":"https:\/\/www.csepelivaroskep.hu\/hirmondo\/2022\/11\/30\/csepeli-hirmondo-xiii-23-szam\/","title":{"rendered":"Csepeli H\u00edrmond\u00f3 XIII.\/23.sz\u00e1m"},"content":{"rendered":"\n<p>Megjelent a Csepeli H\u00edrmond\u00f3 legfrissebb sz\u00e1ma. A tartalomb\u00f3l: \u00dcl\u00e9seztek a k\u00e9pvisel\u0151k: h\u00e1romszoros\u00e1ra n\u0151tt a lakhat\u00e1si t\u00e1mogat\u00e1s \u00f6sszege, Elismer\u00e9seket adtak \u00e1t a f\u0151v\u00e1ros napj\u00e1n, Megny\u00edlt a Csepeli J\u00e9gpark,  Nyolcvan\u00e9ves a Fasang \u00c1rp\u00e1d Zeneiskola, \u00dajj\u00e1\u00e9p\u00fcl a cserk\u00e9szh\u00e1z, Advent els\u0151 vas\u00e1rnapja a f\u0151t\u00e9ren, \u00daj f\u00e1k a strandon, Egyedi aj\u00e1nd\u00e9kok kar\u00e1csonyra, T\u0171zolt\u00f3k bevet\u00e9sen: r\u00f6gt\u00f6n beindul az adrenalin, Hossz\u00fa h\u00e9tv\u00e9g\u00e9k j\u00f6v\u0151re, rejtv\u00e9ny, programaj\u00e1nl\u00f3. Legk\u00f6zelebbi sz\u00e1munk december 14-\u00e9n jelenik meg.<\/p>\n\n\n<a href=\"https:\/\/www.csepelivaroskep.hu\/hirmondo\/wp-content\/uploads\/sites\/7\/2022\/11\/CSH_288-3.pdf\" class=\"pdfemb-viewer\" style=\"\" data-width=\"max\" data-height=\"max\" data-mobile-width=\"0\"  data-scrollbar=\"none\" data-download=\"on\" data-tracking=\"on\" data-newwindow=\"on\" data-pagetextbox=\"off\" data-scrolltotop=\"off\" data-startzoom=\"100\" data-startfpzoom=\"100\" data-toolbar=\"both\" data-toolbar-fixed=\"on\">CSH_288-3<br\/><\/a>\n<p class=\"wp-block-pdfemb-pdf-embedder-viewer\"><\/p>\n","protected":false},"excerpt":{"rendered":"<p>Megjelent a Csepeli H\u00edrmond\u00f3 legfrissebb sz\u00e1ma. A tartalomb\u00f3l: \u00dcl\u00e9seztek a k\u00e9pvisel\u0151k: h\u00e1romszoros\u00e1ra n\u0151tt a lakhat\u00e1si t\u00e1mogat\u00e1s \u00f6sszege, Elismer\u00e9seket adtak \u00e1t a f\u0151v\u00e1ros napj\u00e1n, Megny\u00edlt a Csepeli J\u00e9gpark, Nyolcvan\u00e9ves a Fasang \u00c1rp\u00e1d Zeneiskola, \u00dajj\u00e1\u00e9p\u00fcl a cserk\u00e9szh\u00e1z, Advent els\u0151 vas\u00e1rnapja a f\u0151t\u00e9ren, \u00daj f\u00e1k a strandon, Egyedi aj\u00e1nd\u00e9kok kar\u00e1csonyra, T\u0171zolt\u00f3k bevet\u00e9sen: r\u00f6gt\u00f6n beindul az adrenalin, Hossz\u00fa h\u00e9tv\u00e9g\u00e9k [&hellip;]<\/p>\n","protected":false},"author":2,"featured_media":2258,"comment_status":"open","ping_status":"open","sticky":false,"template":"","format":"standard","meta":[],"categories":[9,12],"tags":[],"acf":[],"_links":{"self":[{"href":"https:\/\/www.csepelivaroskep.hu\/hirmondo\/wp-json\/wp\/v2\/posts\/2259"}],"collection":[{"href":"https:\/\/www.csepelivaroskep.hu\/hirmondo\/wp-json\/wp\/v2\/posts"}],"about":[{"href":"https:\/\/www.csepelivaroskep.hu\/hirmondo\/wp-json\/wp\/v2\/types\/post"}],"author":[{"embeddable":true,"href":"https:\/\/www.csepelivaroskep.hu\/hirmondo\/wp-json\/wp\/v2\/users\/2"}],"replies":[{"embeddable":true,"href":"https:\/\/www.csepelivaroskep.hu\/hirmondo\/wp-json\/wp\/v2\/comments?post=2259"}],"version-history":[{"count":2,"href":"https:\/\/www.csepelivaroskep.hu\/hirmondo\/wp-json\/wp\/v2\/posts\/2259\/revisions"}],"predecessor-version":[{"id":2262,"href":"https:\/\/www.csepelivaroskep.hu\/hirmondo\/wp-json\/wp\/v2\/posts\/2259\/revisions\/2262"}],"wp:featuredmedia":[{"embeddable":true,"href":"https:\/\/www.csepelivaroskep.hu\/hirmondo\/wp-json\/wp\/v2\/media\/2258"}],"wp:attachment":[{"href":"https:\/\/www.csepelivaroskep.hu\/hirmondo\/wp-json\/wp\/v2\/media?parent=2259"}],"wp:term":[{"taxonomy":"category","embeddable":true,"href":"https:\/\/www.csepelivaroskep.hu\/hirmondo\/wp-json\/wp\/v2\/categories?post=2259"},{"taxonomy":"post_tag","embeddable":true,"href":"https:\/\/www.csepelivaroskep.hu\/hirmondo\/wp-json\/wp\/v2\/tags?post=2259"}],"curies":[{"name":"wp","href":"https:\/\/api.w.org\/{rel}","templated":true}]}}