{"id":2290,"date":"2023-01-25T08:58:03","date_gmt":"2023-01-25T08:58:03","guid":{"rendered":"http:\/\/www.csepelivaroskep.hu\/hirmondo\/?p=2290"},"modified":"2023-01-25T08:58:05","modified_gmt":"2023-01-25T08:58:05","slug":"csepeli-hirmondo-xiv-2-szam","status":"publish","type":"post","link":"https:\/\/www.csepelivaroskep.hu\/hirmondo\/2023\/01\/25\/csepeli-hirmondo-xiv-2-szam\/","title":{"rendered":"Csepeli H\u00edrmond\u00f3 XIV.\/2.sz\u00e1m"},"content":{"rendered":"\n<p>Megjelent a Csepeli H\u00edrmond\u00f3 legfrissebb sz\u00e1ma. A tartalomb\u00f3l: Folyamatos az \u00e9rdekl\u0151d\u00e9s a lakhat\u00e1si t\u00e1mogat\u00e1s ir\u00e1nt, Elk\u00e9sz\u00fclt a Rig\u00f3 utca, Mi lesz a csepeli H\u00c9V fel\u00faj\u00edts\u00e1val?, Szem\u00e9szet, egynapos seb\u00e9szet, Busa Gabriella profi vil\u00e1gbajnok, Szalagavat\u00f3 a Jedlikben, Luk\u00e1cs S\u00e1ndor \u00f6n\u00e1ll\u00f3 estje a magyar kult\u00fara napj\u00e1n, \u00d3r\u00e1smester a G\u00f6rgey t\u00e9ren, Diszk\u00f3 a j\u00e9gen, Farsang, a tavaszv\u00e1r\u00e1s \u00fcnnepe, Egy Eur\u00f3pa-bajnok csepeli focista: Buronyi Tibor, programaj\u00e1nl\u00f3, rejtv\u00e9ny. K\u00f6vetkez\u0151 sz\u00e1munk febru\u00e1r 8-\u00e1n jelenik meg.<\/p>\n\n\n<a href=\"https:\/\/www.csepelivaroskep.hu\/hirmondo\/wp-content\/uploads\/sites\/7\/2023\/01\/CSH_291-1.pdf\" class=\"pdfemb-viewer\" style=\"\" data-width=\"max\" data-height=\"max\" data-mobile-width=\"0\"  data-scrollbar=\"none\" data-download=\"on\" data-tracking=\"on\" data-newwindow=\"on\" data-pagetextbox=\"off\" data-scrolltotop=\"off\" data-startzoom=\"100\" data-startfpzoom=\"100\" data-toolbar=\"both\" data-toolbar-fixed=\"on\">CSH_291-1<br\/><\/a>\n<p class=\"wp-block-pdfemb-pdf-embedder-viewer\"><\/p>\n","protected":false},"excerpt":{"rendered":"<p>Megjelent a Csepeli H\u00edrmond\u00f3 legfrissebb sz\u00e1ma. A tartalomb\u00f3l: Folyamatos az \u00e9rdekl\u0151d\u00e9s a lakhat\u00e1si t\u00e1mogat\u00e1s ir\u00e1nt, Elk\u00e9sz\u00fclt a Rig\u00f3 utca, Mi lesz a csepeli H\u00c9V fel\u00faj\u00edts\u00e1val?, Szem\u00e9szet, egynapos seb\u00e9szet, Busa Gabriella profi vil\u00e1gbajnok, Szalagavat\u00f3 a Jedlikben, Luk\u00e1cs S\u00e1ndor \u00f6n\u00e1ll\u00f3 estje a magyar kult\u00fara napj\u00e1n, \u00d3r\u00e1smester a G\u00f6rgey t\u00e9ren, Diszk\u00f3 a j\u00e9gen, Farsang, a tavaszv\u00e1r\u00e1s \u00fcnnepe, Egy [&hellip;]<\/p>\n","protected":false},"author":2,"featured_media":2289,"comment_status":"open","ping_status":"open","sticky":false,"template":"","format":"standard","meta":[],"categories":[9,12],"tags":[],"acf":[],"_links":{"self":[{"href":"https:\/\/www.csepelivaroskep.hu\/hirmondo\/wp-json\/wp\/v2\/posts\/2290"}],"collection":[{"href":"https:\/\/www.csepelivaroskep.hu\/hirmondo\/wp-json\/wp\/v2\/posts"}],"about":[{"href":"https:\/\/www.csepelivaroskep.hu\/hirmondo\/wp-json\/wp\/v2\/types\/post"}],"author":[{"embeddable":true,"href":"https:\/\/www.csepelivaroskep.hu\/hirmondo\/wp-json\/wp\/v2\/users\/2"}],"replies":[{"embeddable":true,"href":"https:\/\/www.csepelivaroskep.hu\/hirmondo\/wp-json\/wp\/v2\/comments?post=2290"}],"version-history":[{"count":1,"href":"https:\/\/www.csepelivaroskep.hu\/hirmondo\/wp-json\/wp\/v2\/posts\/2290\/revisions"}],"predecessor-version":[{"id":2291,"href":"https:\/\/www.csepelivaroskep.hu\/hirmondo\/wp-json\/wp\/v2\/posts\/2290\/revisions\/2291"}],"wp:featuredmedia":[{"embeddable":true,"href":"https:\/\/www.csepelivaroskep.hu\/hirmondo\/wp-json\/wp\/v2\/media\/2289"}],"wp:attachment":[{"href":"https:\/\/www.csepelivaroskep.hu\/hirmondo\/wp-json\/wp\/v2\/media?parent=2290"}],"wp:term":[{"taxonomy":"category","embeddable":true,"href":"https:\/\/www.csepelivaroskep.hu\/hirmondo\/wp-json\/wp\/v2\/categories?post=2290"},{"taxonomy":"post_tag","embeddable":true,"href":"https:\/\/www.csepelivaroskep.hu\/hirmondo\/wp-json\/wp\/v2\/tags?post=2290"}],"curies":[{"name":"wp","href":"https:\/\/api.w.org\/{rel}","templated":true}]}}