{"id":2295,"date":"2023-02-08T10:26:32","date_gmt":"2023-02-08T10:26:32","guid":{"rendered":"http:\/\/www.csepelivaroskep.hu\/hirmondo\/?p=2295"},"modified":"2023-02-08T10:26:35","modified_gmt":"2023-02-08T10:26:35","slug":"csepeli-hirmondo-xvi-3-szam","status":"publish","type":"post","link":"https:\/\/www.csepelivaroskep.hu\/hirmondo\/2023\/02\/08\/csepeli-hirmondo-xvi-3-szam\/","title":{"rendered":"Csepeli H\u00edrmond\u00f3 XVI.\/3.sz\u00e1m"},"content":{"rendered":"\n<p>Megjelent a Csepeli H\u00edrmond\u00f3 legfrissebb sz\u00e1ma. A tartalomb\u00f3l: Test\u00fcleti \u00fcl\u00e9s janu\u00e1rban, Iskolafel\u00faj\u00edt\u00e1s: az E\u00f6tv\u00f6s iskola a k\u00f6vetkez\u0151, Cs\u00facstechol\u00f3gi\u00e1val a b\u0171n\u00f6z\u0151k ellen, Indul a LED-izz\u00f3k csereprogramja, \u00daj\u00e9vk\u00f6sz\u00f6nt\u0151 koncert, Nyugd\u00edjemel\u00e9s:csepeli id\u0151seket k\u00e9rdezt\u00fcnk, Holl Ildik\u00f3: az ajt\u00f3m mindig nyitva \u00e1ll, \u00dajra megrendezt\u00e9k a csepeli sv\u00e1b b\u00e1lt, Egy klasszikus csal\u00e1di musical Csepelen, H\u00e1zass\u00e1g hete: egym\u00e1st, seg\u00edtve \u00e9l\u00fcnk szertetben, meg\u00e9rt\u00e9sben, Foci ovisoknak, programaj\u00e1nl\u00f3, rejtv\u00e9ny. K\u00f6vetkez\u0151 sz\u00e1munk febru\u00e1r 22-\u00e9n jelenik meg.<\/p>\n\n\n<a href=\"https:\/\/www.csepelivaroskep.hu\/hirmondo\/wp-content\/uploads\/sites\/7\/2023\/02\/CSH_292.pdf\" class=\"pdfemb-viewer\" style=\"\" data-width=\"max\" data-height=\"max\" data-mobile-width=\"0\"  data-scrollbar=\"none\" data-download=\"on\" data-tracking=\"on\" data-newwindow=\"on\" data-pagetextbox=\"off\" data-scrolltotop=\"off\" data-startzoom=\"100\" data-startfpzoom=\"100\" data-toolbar=\"both\" data-toolbar-fixed=\"on\">CSH_292<br\/><\/a>\n<p class=\"wp-block-pdfemb-pdf-embedder-viewer\"><\/p>\n\n\n\n<p><\/p>\n","protected":false},"excerpt":{"rendered":"<p>Megjelent a Csepeli H\u00edrmond\u00f3 legfrissebb sz\u00e1ma. A tartalomb\u00f3l: Test\u00fcleti \u00fcl\u00e9s janu\u00e1rban, Iskolafel\u00faj\u00edt\u00e1s: az E\u00f6tv\u00f6s iskola a k\u00f6vetkez\u0151, Cs\u00facstechol\u00f3gi\u00e1val a b\u0171n\u00f6z\u0151k ellen, Indul a LED-izz\u00f3k csereprogramja, \u00daj\u00e9vk\u00f6sz\u00f6nt\u0151 koncert, Nyugd\u00edjemel\u00e9s:csepeli id\u0151seket k\u00e9rdezt\u00fcnk, Holl Ildik\u00f3: az ajt\u00f3m mindig nyitva \u00e1ll, \u00dajra megrendezt\u00e9k a csepeli sv\u00e1b b\u00e1lt, Egy klasszikus csal\u00e1di musical Csepelen, H\u00e1zass\u00e1g hete: egym\u00e1st, seg\u00edtve \u00e9l\u00fcnk szertetben, meg\u00e9rt\u00e9sben, [&hellip;]<\/p>\n","protected":false},"author":2,"featured_media":2294,"comment_status":"open","ping_status":"open","sticky":false,"template":"","format":"standard","meta":[],"categories":[9,12],"tags":[],"acf":[],"_links":{"self":[{"href":"https:\/\/www.csepelivaroskep.hu\/hirmondo\/wp-json\/wp\/v2\/posts\/2295"}],"collection":[{"href":"https:\/\/www.csepelivaroskep.hu\/hirmondo\/wp-json\/wp\/v2\/posts"}],"about":[{"href":"https:\/\/www.csepelivaroskep.hu\/hirmondo\/wp-json\/wp\/v2\/types\/post"}],"author":[{"embeddable":true,"href":"https:\/\/www.csepelivaroskep.hu\/hirmondo\/wp-json\/wp\/v2\/users\/2"}],"replies":[{"embeddable":true,"href":"https:\/\/www.csepelivaroskep.hu\/hirmondo\/wp-json\/wp\/v2\/comments?post=2295"}],"version-history":[{"count":1,"href":"https:\/\/www.csepelivaroskep.hu\/hirmondo\/wp-json\/wp\/v2\/posts\/2295\/revisions"}],"predecessor-version":[{"id":2296,"href":"https:\/\/www.csepelivaroskep.hu\/hirmondo\/wp-json\/wp\/v2\/posts\/2295\/revisions\/2296"}],"wp:featuredmedia":[{"embeddable":true,"href":"https:\/\/www.csepelivaroskep.hu\/hirmondo\/wp-json\/wp\/v2\/media\/2294"}],"wp:attachment":[{"href":"https:\/\/www.csepelivaroskep.hu\/hirmondo\/wp-json\/wp\/v2\/media?parent=2295"}],"wp:term":[{"taxonomy":"category","embeddable":true,"href":"https:\/\/www.csepelivaroskep.hu\/hirmondo\/wp-json\/wp\/v2\/categories?post=2295"},{"taxonomy":"post_tag","embeddable":true,"href":"https:\/\/www.csepelivaroskep.hu\/hirmondo\/wp-json\/wp\/v2\/tags?post=2295"}],"curies":[{"name":"wp","href":"https:\/\/api.w.org\/{rel}","templated":true}]}}