{"id":2303,"date":"2023-03-08T09:02:43","date_gmt":"2023-03-08T09:02:43","guid":{"rendered":"http:\/\/www.csepelivaroskep.hu\/hirmondo\/?p=2303"},"modified":"2023-03-08T09:02:44","modified_gmt":"2023-03-08T09:02:44","slug":"csepeli-hirmondo-xiv-5-szam","status":"publish","type":"post","link":"https:\/\/www.csepelivaroskep.hu\/hirmondo\/2023\/03\/08\/csepeli-hirmondo-xiv-5-szam\/","title":{"rendered":"Csepeli H\u00edrmond\u00f3 XIV.\/5.sz\u00e1m"},"content":{"rendered":"\n<p>Megjelent a Csepeli H\u00edrmond\u00f3 leg\u00fajabb sz\u00e1ma. A tartalomb\u00f3l: Elfogadt\u00e1k Csepel 2023-as k\u00f6lts\u00e9gvet\u00e9s\u00e9t, T\u00e1ncsics Mih\u00e1ly utca: zajlik a m\u00e1sodik szakasz \u00fajj\u00e1\u00e9p\u00edt\u00e9se, Vir\u00e1got kapni j\u00f3, Gazsi Gabriella: &#8220;sokat tanultam az id\u0151sekt\u0151l&#8221;, Rajzp\u00e1ly\u00e1zat: gy\u0151ztesek n\u00e9gy koroszt\u00e1lyban, N\u0151alakok a forradalom idej\u00e9n, J\u00e1tsszunk egy\u00fctt!, \u00c1llatmenhely lesz H\u00e1roson, \u00c9letrajz \u00e9s francia k\u00e1rtya, Csepeli volt Magyarorsz\u00e1g leger\u0151sebb embere, programaj\u00e1nl\u00f3, rejtv\u00e9ny. Lapunk legk\u00f6zelebb m\u00e1rcius 22-\u00e9n jelenik meg.<\/p>\n\n\n<a href=\"https:\/\/www.csepelivaroskep.hu\/hirmondo\/wp-content\/uploads\/sites\/7\/2023\/03\/CSH_294.pdf\" class=\"pdfemb-viewer\" style=\"\" data-width=\"max\" data-height=\"max\" data-mobile-width=\"0\"  data-scrollbar=\"none\" data-download=\"on\" data-tracking=\"on\" data-newwindow=\"on\" data-pagetextbox=\"off\" data-scrolltotop=\"off\" data-startzoom=\"100\" data-startfpzoom=\"100\" data-toolbar=\"both\" data-toolbar-fixed=\"on\">CSH_294<br\/><\/a>\n<p class=\"wp-block-pdfemb-pdf-embedder-viewer\"><\/p>\n","protected":false},"excerpt":{"rendered":"<p>Megjelent a Csepeli H\u00edrmond\u00f3 leg\u00fajabb sz\u00e1ma. A tartalomb\u00f3l: Elfogadt\u00e1k Csepel 2023-as k\u00f6lts\u00e9gvet\u00e9s\u00e9t, T\u00e1ncsics Mih\u00e1ly utca: zajlik a m\u00e1sodik szakasz \u00fajj\u00e1\u00e9p\u00edt\u00e9se, Vir\u00e1got kapni j\u00f3, Gazsi Gabriella: &#8220;sokat tanultam az id\u0151sekt\u0151l&#8221;, Rajzp\u00e1ly\u00e1zat: gy\u0151ztesek n\u00e9gy koroszt\u00e1lyban, N\u0151alakok a forradalom idej\u00e9n, J\u00e1tsszunk egy\u00fctt!, \u00c1llatmenhely lesz H\u00e1roson, \u00c9letrajz \u00e9s francia k\u00e1rtya, Csepeli volt Magyarorsz\u00e1g leger\u0151sebb embere, programaj\u00e1nl\u00f3, rejtv\u00e9ny. Lapunk legk\u00f6zelebb [&hellip;]<\/p>\n","protected":false},"author":2,"featured_media":2302,"comment_status":"open","ping_status":"open","sticky":false,"template":"","format":"standard","meta":[],"categories":[9,12],"tags":[],"acf":[],"_links":{"self":[{"href":"https:\/\/www.csepelivaroskep.hu\/hirmondo\/wp-json\/wp\/v2\/posts\/2303"}],"collection":[{"href":"https:\/\/www.csepelivaroskep.hu\/hirmondo\/wp-json\/wp\/v2\/posts"}],"about":[{"href":"https:\/\/www.csepelivaroskep.hu\/hirmondo\/wp-json\/wp\/v2\/types\/post"}],"author":[{"embeddable":true,"href":"https:\/\/www.csepelivaroskep.hu\/hirmondo\/wp-json\/wp\/v2\/users\/2"}],"replies":[{"embeddable":true,"href":"https:\/\/www.csepelivaroskep.hu\/hirmondo\/wp-json\/wp\/v2\/comments?post=2303"}],"version-history":[{"count":2,"href":"https:\/\/www.csepelivaroskep.hu\/hirmondo\/wp-json\/wp\/v2\/posts\/2303\/revisions"}],"predecessor-version":[{"id":2306,"href":"https:\/\/www.csepelivaroskep.hu\/hirmondo\/wp-json\/wp\/v2\/posts\/2303\/revisions\/2306"}],"wp:featuredmedia":[{"embeddable":true,"href":"https:\/\/www.csepelivaroskep.hu\/hirmondo\/wp-json\/wp\/v2\/media\/2302"}],"wp:attachment":[{"href":"https:\/\/www.csepelivaroskep.hu\/hirmondo\/wp-json\/wp\/v2\/media?parent=2303"}],"wp:term":[{"taxonomy":"category","embeddable":true,"href":"https:\/\/www.csepelivaroskep.hu\/hirmondo\/wp-json\/wp\/v2\/categories?post=2303"},{"taxonomy":"post_tag","embeddable":true,"href":"https:\/\/www.csepelivaroskep.hu\/hirmondo\/wp-json\/wp\/v2\/tags?post=2303"}],"curies":[{"name":"wp","href":"https:\/\/api.w.org\/{rel}","templated":true}]}}