{"id":2330,"date":"2023-05-18T08:21:44","date_gmt":"2023-05-18T08:21:44","guid":{"rendered":"http:\/\/www.csepelivaroskep.hu\/hirmondo\/?p=2330"},"modified":"2023-05-18T08:21:45","modified_gmt":"2023-05-18T08:21:45","slug":"csepeli-hirmondo-xiv-10-szam","status":"publish","type":"post","link":"https:\/\/www.csepelivaroskep.hu\/hirmondo\/2023\/05\/18\/csepeli-hirmondo-xiv-10-szam\/","title":{"rendered":"Csepeli H\u00edrmond\u00f3 XIV.\/10.sz\u00e1m"},"content":{"rendered":"\n<p>Megjelent a Csepeli H\u00edrmond\u00f3 legfrissebb sz\u00e1ma. A tartalomb\u00f3l: Elkezd\u0151d\u00f6tt az E\u00f6tv\u00f6s iskola fel\u00faj\u00edt\u00e1sa, &#8220;Dacb\u00f3l nem \u00e9rdemes ellenz\u00e9kinek lenni&#8221;- interj\u00fa P\u00e1kozdi J\u00f3zsef alpolg\u00e1rmesterrel, Szakrendel\u0151: mi\u00e9rt el\u0151ny\u00f6sebb az \u00f6nkorm\u00e1nyzati fenntart\u00e1s?, Elismer\u00e9s a ment\u0151s\u00f6knek, Meg\u00e1llapod\u00e1s sz\u00fcletett a csepeli sportegyes\u00fcletekkel, Kalm\u00e1r M\u00f3nika: Egyre nagyobb az ig\u00e9ny a k\u00f6z\u00f6ss\u00e9g terekre, Rajzok az anyuk\u00e1knak, Nyit a Csepeli Strandf\u00fcrd\u0151, A dzsungel k\u00f6nyve csepeli \u00e9nekkarral, rejtv\u00e9ny, programaj\u00e1nl\u00f3. K\u00f6vetkez\u0151 sz\u00e1munk m\u00e1jus 31-\u00e9n jelenik meg.<\/p>\n\n\n<a href=\"https:\/\/www.csepelivaroskep.hu\/hirmondo\/wp-content\/uploads\/sites\/7\/2023\/05\/CSH_299.pdf\" class=\"pdfemb-viewer\" style=\"\" data-width=\"max\" data-height=\"max\" data-mobile-width=\"0\"  data-scrollbar=\"none\" data-download=\"on\" data-tracking=\"on\" data-newwindow=\"on\" data-pagetextbox=\"off\" data-scrolltotop=\"off\" data-startzoom=\"100\" data-startfpzoom=\"100\" data-toolbar=\"both\" data-toolbar-fixed=\"on\">CSH_299<br\/><\/a>\n<p class=\"wp-block-pdfemb-pdf-embedder-viewer\"><\/p>\n","protected":false},"excerpt":{"rendered":"<p>Megjelent a Csepeli H\u00edrmond\u00f3 legfrissebb sz\u00e1ma. A tartalomb\u00f3l: Elkezd\u0151d\u00f6tt az E\u00f6tv\u00f6s iskola fel\u00faj\u00edt\u00e1sa, &#8220;Dacb\u00f3l nem \u00e9rdemes ellenz\u00e9kinek lenni&#8221;- interj\u00fa P\u00e1kozdi J\u00f3zsef alpolg\u00e1rmesterrel, Szakrendel\u0151: mi\u00e9rt el\u0151ny\u00f6sebb az \u00f6nkorm\u00e1nyzati fenntart\u00e1s?, Elismer\u00e9s a ment\u0151s\u00f6knek, Meg\u00e1llapod\u00e1s sz\u00fcletett a csepeli sportegyes\u00fcletekkel, Kalm\u00e1r M\u00f3nika: Egyre nagyobb az ig\u00e9ny a k\u00f6z\u00f6ss\u00e9g terekre, Rajzok az anyuk\u00e1knak, Nyit a Csepeli Strandf\u00fcrd\u0151, A dzsungel k\u00f6nyve [&hellip;]<\/p>\n","protected":false},"author":2,"featured_media":2332,"comment_status":"open","ping_status":"open","sticky":false,"template":"","format":"standard","meta":[],"categories":[9,12],"tags":[],"acf":[],"_links":{"self":[{"href":"https:\/\/www.csepelivaroskep.hu\/hirmondo\/wp-json\/wp\/v2\/posts\/2330"}],"collection":[{"href":"https:\/\/www.csepelivaroskep.hu\/hirmondo\/wp-json\/wp\/v2\/posts"}],"about":[{"href":"https:\/\/www.csepelivaroskep.hu\/hirmondo\/wp-json\/wp\/v2\/types\/post"}],"author":[{"embeddable":true,"href":"https:\/\/www.csepelivaroskep.hu\/hirmondo\/wp-json\/wp\/v2\/users\/2"}],"replies":[{"embeddable":true,"href":"https:\/\/www.csepelivaroskep.hu\/hirmondo\/wp-json\/wp\/v2\/comments?post=2330"}],"version-history":[{"count":1,"href":"https:\/\/www.csepelivaroskep.hu\/hirmondo\/wp-json\/wp\/v2\/posts\/2330\/revisions"}],"predecessor-version":[{"id":2333,"href":"https:\/\/www.csepelivaroskep.hu\/hirmondo\/wp-json\/wp\/v2\/posts\/2330\/revisions\/2333"}],"wp:featuredmedia":[{"embeddable":true,"href":"https:\/\/www.csepelivaroskep.hu\/hirmondo\/wp-json\/wp\/v2\/media\/2332"}],"wp:attachment":[{"href":"https:\/\/www.csepelivaroskep.hu\/hirmondo\/wp-json\/wp\/v2\/media?parent=2330"}],"wp:term":[{"taxonomy":"category","embeddable":true,"href":"https:\/\/www.csepelivaroskep.hu\/hirmondo\/wp-json\/wp\/v2\/categories?post=2330"},{"taxonomy":"post_tag","embeddable":true,"href":"https:\/\/www.csepelivaroskep.hu\/hirmondo\/wp-json\/wp\/v2\/tags?post=2330"}],"curies":[{"name":"wp","href":"https:\/\/api.w.org\/{rel}","templated":true}]}}