{"id":2361,"date":"2023-09-13T07:45:37","date_gmt":"2023-09-13T07:45:37","guid":{"rendered":"http:\/\/www.csepelivaroskep.hu\/hirmondo\/?p=2361"},"modified":"2023-09-13T07:45:39","modified_gmt":"2023-09-13T07:45:39","slug":"csepeli-hirmondo-xiv-17-szam","status":"publish","type":"post","link":"https:\/\/www.csepelivaroskep.hu\/hirmondo\/2023\/09\/13\/csepeli-hirmondo-xiv-17-szam\/","title":{"rendered":"Csepeli H\u00edrmond\u00f3 XIV.\/17.sz\u00e1m"},"content":{"rendered":"\n<p>Megjelent a Csepeli H\u00edrmond\u00f3 leg\u00fajabb sz\u00e1ma. A tartalomb\u00f3l: \u00c9vnyit\u00f3 a fel\u00faj\u00edtott E\u00f6tv\u00f6s iskol\u00e1ban, \u00c1tadt\u00e1k a meg\u00fajult Jedliket, Befejez\u0151d\u00f6tt a T\u00e1ncsics Mih\u00e1ly utca fel\u00faj\u00edt\u00e1sa, \u00daj pumpap\u00e1lya a Daru-dombon, \u00dajra egy\u00fctt a Csepel M\u0171vek egykori dolgoz\u00f3i, Az \u00f6sszefog\u00e1s ereje, Mozg\u00e1skorl\u00e1tozottak csal\u00e1di napja, Aranylakodalom: \u00e9vtizedek \u00f3ta egy\u00fctt, A munk\u00e1ja a hobbija, P\u00e1lffy Tam\u00e1s kos\u00e1rlabd\u00e1z\u00f3 a legjobbak k\u00f6z\u00f6tt, Balcz\u00f3 Andr\u00e1s 85 \u00e9ves, rejtv\u00e9ny, programaj\u00e1nl\u00f3. Legk\u00f6zelebbi sz\u00e1munk szeptember 27-\u00e9n jelenik meg.<\/p>\n\n\n<a href=\"https:\/\/www.csepelivaroskep.hu\/hirmondo\/wp-content\/uploads\/sites\/7\/2023\/09\/CSH_306.pdf\" class=\"pdfemb-viewer\" style=\"\" data-width=\"max\" data-height=\"max\" data-mobile-width=\"0\"  data-scrollbar=\"none\" data-download=\"on\" data-tracking=\"on\" data-newwindow=\"on\" data-pagetextbox=\"off\" data-scrolltotop=\"off\" data-startzoom=\"100\" data-startfpzoom=\"100\" data-toolbar=\"both\" data-toolbar-fixed=\"on\">CSH_306<br\/><\/a>\n<p class=\"wp-block-pdfemb-pdf-embedder-viewer\"><\/p>\n","protected":false},"excerpt":{"rendered":"<p>Megjelent a Csepeli H\u00edrmond\u00f3 leg\u00fajabb sz\u00e1ma. A tartalomb\u00f3l: \u00c9vnyit\u00f3 a fel\u00faj\u00edtott E\u00f6tv\u00f6s iskol\u00e1ban, \u00c1tadt\u00e1k a meg\u00fajult Jedliket, Befejez\u0151d\u00f6tt a T\u00e1ncsics Mih\u00e1ly utca fel\u00faj\u00edt\u00e1sa, \u00daj pumpap\u00e1lya a Daru-dombon, \u00dajra egy\u00fctt a Csepel M\u0171vek egykori dolgoz\u00f3i, Az \u00f6sszefog\u00e1s ereje, Mozg\u00e1skorl\u00e1tozottak csal\u00e1di napja, Aranylakodalom: \u00e9vtizedek \u00f3ta egy\u00fctt, A munk\u00e1ja a hobbija, P\u00e1lffy Tam\u00e1s kos\u00e1rlabd\u00e1z\u00f3 a legjobbak k\u00f6z\u00f6tt, Balcz\u00f3 [&hellip;]<\/p>\n","protected":false},"author":2,"featured_media":2360,"comment_status":"open","ping_status":"open","sticky":false,"template":"","format":"standard","meta":[],"categories":[9,12],"tags":[],"acf":[],"_links":{"self":[{"href":"https:\/\/www.csepelivaroskep.hu\/hirmondo\/wp-json\/wp\/v2\/posts\/2361"}],"collection":[{"href":"https:\/\/www.csepelivaroskep.hu\/hirmondo\/wp-json\/wp\/v2\/posts"}],"about":[{"href":"https:\/\/www.csepelivaroskep.hu\/hirmondo\/wp-json\/wp\/v2\/types\/post"}],"author":[{"embeddable":true,"href":"https:\/\/www.csepelivaroskep.hu\/hirmondo\/wp-json\/wp\/v2\/users\/2"}],"replies":[{"embeddable":true,"href":"https:\/\/www.csepelivaroskep.hu\/hirmondo\/wp-json\/wp\/v2\/comments?post=2361"}],"version-history":[{"count":1,"href":"https:\/\/www.csepelivaroskep.hu\/hirmondo\/wp-json\/wp\/v2\/posts\/2361\/revisions"}],"predecessor-version":[{"id":2362,"href":"https:\/\/www.csepelivaroskep.hu\/hirmondo\/wp-json\/wp\/v2\/posts\/2361\/revisions\/2362"}],"wp:featuredmedia":[{"embeddable":true,"href":"https:\/\/www.csepelivaroskep.hu\/hirmondo\/wp-json\/wp\/v2\/media\/2360"}],"wp:attachment":[{"href":"https:\/\/www.csepelivaroskep.hu\/hirmondo\/wp-json\/wp\/v2\/media?parent=2361"}],"wp:term":[{"taxonomy":"category","embeddable":true,"href":"https:\/\/www.csepelivaroskep.hu\/hirmondo\/wp-json\/wp\/v2\/categories?post=2361"},{"taxonomy":"post_tag","embeddable":true,"href":"https:\/\/www.csepelivaroskep.hu\/hirmondo\/wp-json\/wp\/v2\/tags?post=2361"}],"curies":[{"name":"wp","href":"https:\/\/api.w.org\/{rel}","templated":true}]}}