{"id":2420,"date":"2024-02-07T08:38:45","date_gmt":"2024-02-07T08:38:45","guid":{"rendered":"http:\/\/www.csepelivaroskep.hu\/hirmondo\/?p=2420"},"modified":"2024-02-07T08:38:47","modified_gmt":"2024-02-07T08:38:47","slug":"csepeli-hirmondo-xv-3-szam","status":"publish","type":"post","link":"https:\/\/www.csepelivaroskep.hu\/hirmondo\/2024\/02\/07\/csepeli-hirmondo-xv-3-szam\/","title":{"rendered":"Csepeli H\u00edrmond\u00f3 XV.\/3.sz\u00e1m"},"content":{"rendered":"\n<p>Megjelent a Csepeli H\u00edrmond\u00f3 legfrissebb sz\u00e1ma. A taralomb\u00f3l: \u00c9rv\u00e9nyes marad a Budapest-b\u00e9rlet a H\u00c9V j\u00e1ratain, Folyamatosan jav\u00edtj\u00e1k a k\u00e1ty\u00fas utakat, Hossz\u00fa Katinka gyermekv\u00e9delmi nagyk\u00f6vet, &#8220;Amikor bel\u00e9ptem a kapun, \u00e9reztem, haza\u00e9rkeztem&#8221;, \u00c9teloszt\u00e1s r\u00e1szorul\u00f3knak, Harminc \u00e9ve a p\u00e1ly\u00e1n, Csepeli nagyik, akik \u00fatra kelnek, Csepeli kosarasok az NBI\/B-ben, programaj\u00e1nl\u00f3, rejtv\u00e9ny. Legk\u00f6zelebbi sz\u00e1munk febru\u00e1r 21-\u00e9n jelenik meg.<\/p>\n\n\n<a href=\"https:\/\/www.csepelivaroskep.hu\/hirmondo\/wp-content\/uploads\/sites\/7\/2024\/02\/CSH_315.pdf\" class=\"pdfemb-viewer\" style=\"\" data-width=\"max\" data-height=\"max\" data-mobile-width=\"0\"  data-scrollbar=\"none\" data-download=\"on\" data-tracking=\"on\" data-newwindow=\"on\" data-pagetextbox=\"off\" data-scrolltotop=\"off\" data-startzoom=\"100\" data-startfpzoom=\"100\" data-toolbar=\"both\" data-toolbar-fixed=\"on\">CSH_315<br\/><\/a>\n<p class=\"wp-block-pdfemb-pdf-embedder-viewer\"><\/p>\n","protected":false},"excerpt":{"rendered":"<p>Megjelent a Csepeli H\u00edrmond\u00f3 legfrissebb sz\u00e1ma. A taralomb\u00f3l: \u00c9rv\u00e9nyes marad a Budapest-b\u00e9rlet a H\u00c9V j\u00e1ratain, Folyamatosan jav\u00edtj\u00e1k a k\u00e1ty\u00fas utakat, Hossz\u00fa Katinka gyermekv\u00e9delmi nagyk\u00f6vet, &#8220;Amikor bel\u00e9ptem a kapun, \u00e9reztem, haza\u00e9rkeztem&#8221;, \u00c9teloszt\u00e1s r\u00e1szorul\u00f3knak, Harminc \u00e9ve a p\u00e1ly\u00e1n, Csepeli nagyik, akik \u00fatra kelnek, Csepeli kosarasok az NBI\/B-ben, programaj\u00e1nl\u00f3, rejtv\u00e9ny. Legk\u00f6zelebbi sz\u00e1munk febru\u00e1r 21-\u00e9n jelenik meg.<\/p>\n","protected":false},"author":2,"featured_media":2419,"comment_status":"open","ping_status":"open","sticky":false,"template":"","format":"standard","meta":[],"categories":[9,12],"tags":[288,287,279,286,182,285,284],"acf":[],"_links":{"self":[{"href":"https:\/\/www.csepelivaroskep.hu\/hirmondo\/wp-json\/wp\/v2\/posts\/2420"}],"collection":[{"href":"https:\/\/www.csepelivaroskep.hu\/hirmondo\/wp-json\/wp\/v2\/posts"}],"about":[{"href":"https:\/\/www.csepelivaroskep.hu\/hirmondo\/wp-json\/wp\/v2\/types\/post"}],"author":[{"embeddable":true,"href":"https:\/\/www.csepelivaroskep.hu\/hirmondo\/wp-json\/wp\/v2\/users\/2"}],"replies":[{"embeddable":true,"href":"https:\/\/www.csepelivaroskep.hu\/hirmondo\/wp-json\/wp\/v2\/comments?post=2420"}],"version-history":[{"count":1,"href":"https:\/\/www.csepelivaroskep.hu\/hirmondo\/wp-json\/wp\/v2\/posts\/2420\/revisions"}],"predecessor-version":[{"id":2421,"href":"https:\/\/www.csepelivaroskep.hu\/hirmondo\/wp-json\/wp\/v2\/posts\/2420\/revisions\/2421"}],"wp:featuredmedia":[{"embeddable":true,"href":"https:\/\/www.csepelivaroskep.hu\/hirmondo\/wp-json\/wp\/v2\/media\/2419"}],"wp:attachment":[{"href":"https:\/\/www.csepelivaroskep.hu\/hirmondo\/wp-json\/wp\/v2\/media?parent=2420"}],"wp:term":[{"taxonomy":"category","embeddable":true,"href":"https:\/\/www.csepelivaroskep.hu\/hirmondo\/wp-json\/wp\/v2\/categories?post=2420"},{"taxonomy":"post_tag","embeddable":true,"href":"https:\/\/www.csepelivaroskep.hu\/hirmondo\/wp-json\/wp\/v2\/tags?post=2420"}],"curies":[{"name":"wp","href":"https:\/\/api.w.org\/{rel}","templated":true}]}}