{"id":2429,"date":"2024-03-06T09:49:33","date_gmt":"2024-03-06T09:49:33","guid":{"rendered":"http:\/\/www.csepelivaroskep.hu\/hirmondo\/?p=2429"},"modified":"2024-03-06T09:49:34","modified_gmt":"2024-03-06T09:49:34","slug":"csepeli-hirmondo-xv-5-szam","status":"publish","type":"post","link":"https:\/\/www.csepelivaroskep.hu\/hirmondo\/2024\/03\/06\/csepeli-hirmondo-xv-5-szam\/","title":{"rendered":"Csepeli H\u00edrmond\u00f3 XV.\/5.sz\u00e1m"},"content":{"rendered":"\n<p>Megjelent a Csepeli H\u00edrmond\u00f3 legfrissebb sz\u00e1ma. A tartalomb\u00f3l: Leszavazt\u00e1k a k\u00f6lts\u00e9gvet\u00e9st, \u00d6nkorm\u00e1nyzati k\u00e9pvisel\u0151ket k\u00e9rdezt\u00fcnk, Interj\u00fa Borb\u00e9ly L\u00e9n\u00e1rddal, N\u00e1rcisz, tulip\u00e1n, j\u00e1cint &#8211; k\u00f6zeledik a n\u0151nap, Egy k\u00fcl\u00f6nleges csal\u00e1d t\u00f6rt\u00e9nete, H\u00e1zhoz megy a m\u00fazeum, Sz\u00e1znegyven komposztl\u00e1d\u00e1t osztottak sz\u00e9t, Kardos Bence az \u00e9v csepeli \u00f6ttus\u00e1z\u00f3ja, rejtv\u00e9ny, programaj\u00e1nl\u00f3. <\/p>\n\n\n<a href=\"https:\/\/www.csepelivaroskep.hu\/hirmondo\/wp-content\/uploads\/sites\/7\/2024\/03\/CSH_317.pdf\" class=\"pdfemb-viewer\" style=\"\" data-width=\"max\" data-height=\"max\" data-mobile-width=\"0\"  data-scrollbar=\"none\" data-download=\"on\" data-tracking=\"on\" data-newwindow=\"on\" data-pagetextbox=\"off\" data-scrolltotop=\"off\" data-startzoom=\"100\" data-startfpzoom=\"100\" data-toolbar=\"both\" data-toolbar-fixed=\"on\">CSH_317<br\/><\/a>\n<p class=\"wp-block-pdfemb-pdf-embedder-viewer\"><\/p>\n","protected":false},"excerpt":{"rendered":"<p>Megjelent a Csepeli H\u00edrmond\u00f3 legfrissebb sz\u00e1ma. A tartalomb\u00f3l: Leszavazt\u00e1k a k\u00f6lts\u00e9gvet\u00e9st, \u00d6nkorm\u00e1nyzati k\u00e9pvisel\u0151ket k\u00e9rdezt\u00fcnk, Interj\u00fa Borb\u00e9ly L\u00e9n\u00e1rddal, N\u00e1rcisz, tulip\u00e1n, j\u00e1cint &#8211; k\u00f6zeledik a n\u0151nap, Egy k\u00fcl\u00f6nleges csal\u00e1d t\u00f6rt\u00e9nete, H\u00e1zhoz megy a m\u00fazeum, Sz\u00e1znegyven komposztl\u00e1d\u00e1t osztottak sz\u00e9t, Kardos Bence az \u00e9v csepeli \u00f6ttus\u00e1z\u00f3ja, rejtv\u00e9ny, programaj\u00e1nl\u00f3.<\/p>\n","protected":false},"author":2,"featured_media":2428,"comment_status":"open","ping_status":"open","sticky":false,"template":"","format":"standard","meta":[],"categories":[9,12],"tags":[138,293,292,182],"acf":[],"_links":{"self":[{"href":"https:\/\/www.csepelivaroskep.hu\/hirmondo\/wp-json\/wp\/v2\/posts\/2429"}],"collection":[{"href":"https:\/\/www.csepelivaroskep.hu\/hirmondo\/wp-json\/wp\/v2\/posts"}],"about":[{"href":"https:\/\/www.csepelivaroskep.hu\/hirmondo\/wp-json\/wp\/v2\/types\/post"}],"author":[{"embeddable":true,"href":"https:\/\/www.csepelivaroskep.hu\/hirmondo\/wp-json\/wp\/v2\/users\/2"}],"replies":[{"embeddable":true,"href":"https:\/\/www.csepelivaroskep.hu\/hirmondo\/wp-json\/wp\/v2\/comments?post=2429"}],"version-history":[{"count":1,"href":"https:\/\/www.csepelivaroskep.hu\/hirmondo\/wp-json\/wp\/v2\/posts\/2429\/revisions"}],"predecessor-version":[{"id":2430,"href":"https:\/\/www.csepelivaroskep.hu\/hirmondo\/wp-json\/wp\/v2\/posts\/2429\/revisions\/2430"}],"wp:featuredmedia":[{"embeddable":true,"href":"https:\/\/www.csepelivaroskep.hu\/hirmondo\/wp-json\/wp\/v2\/media\/2428"}],"wp:attachment":[{"href":"https:\/\/www.csepelivaroskep.hu\/hirmondo\/wp-json\/wp\/v2\/media?parent=2429"}],"wp:term":[{"taxonomy":"category","embeddable":true,"href":"https:\/\/www.csepelivaroskep.hu\/hirmondo\/wp-json\/wp\/v2\/categories?post=2429"},{"taxonomy":"post_tag","embeddable":true,"href":"https:\/\/www.csepelivaroskep.hu\/hirmondo\/wp-json\/wp\/v2\/tags?post=2429"}],"curies":[{"name":"wp","href":"https:\/\/api.w.org\/{rel}","templated":true}]}}