{"id":2439,"date":"2024-04-03T08:46:20","date_gmt":"2024-04-03T08:46:20","guid":{"rendered":"http:\/\/www.csepelivaroskep.hu\/hirmondo\/?p=2439"},"modified":"2024-04-03T08:46:21","modified_gmt":"2024-04-03T08:46:21","slug":"csepeli-hirmondo-xv-7-szam","status":"publish","type":"post","link":"https:\/\/www.csepelivaroskep.hu\/hirmondo\/2024\/04\/03\/csepeli-hirmondo-xv-7-szam\/","title":{"rendered":"Csepeli H\u00edrmond\u00f3 XV.\/7.sz\u00e1m"},"content":{"rendered":"\n<p>Megjelent a Csepeli H\u00edrmond\u00f3 legfrissebb sz\u00e1ma. A tartalomb\u00f3l: Fejleszt\u00e9sek indultak el H\u00e1rosban, Babament\u0151 inkub\u00e1tor, Sonkaoszt\u00e1s h\u00fasv\u00e9t el\u0151tt, Komolyzenei koncertek, irodalom, Egym\u00e1st t\u00e1mogatva: egy h\u00e1zass\u00e1g t\u00f6rt\u00e9nete, Elhunyt Lenkei L\u00e1szl\u00f3 kor\u00e1bbi alpolg\u00e1rmester, Egy bar\u00e1t eml\u00e9kei Z\u00e1mb\u00f3 Jimmyr\u0151l, Aki megm\u00e1szta a lakihegyi ad\u00f3tornyot, programaj\u00e1nl\u00f3, rejtv\u00e9ny. K\u00f6vetkez\u0151 sz\u00e1munk egy h\u00e9t m\u00falva, \u00e1prilis 10-\u00e9n jelenik meg.<\/p>\n\n\n<a href=\"https:\/\/www.csepelivaroskep.hu\/hirmondo\/wp-content\/uploads\/sites\/7\/2024\/04\/CSH_319-2.pdf\" class=\"pdfemb-viewer\" style=\"\" data-width=\"max\" data-height=\"max\" data-mobile-width=\"0\"  data-scrollbar=\"none\" data-download=\"on\" data-tracking=\"on\" data-newwindow=\"on\" data-pagetextbox=\"off\" data-scrolltotop=\"off\" data-startzoom=\"100\" data-startfpzoom=\"100\" data-toolbar=\"both\" data-toolbar-fixed=\"on\">CSH_319-2<br\/><\/a>\n<p class=\"wp-block-pdfemb-pdf-embedder-viewer\"><\/p>\n","protected":false},"excerpt":{"rendered":"<p>Megjelent a Csepeli H\u00edrmond\u00f3 legfrissebb sz\u00e1ma. A tartalomb\u00f3l: Fejleszt\u00e9sek indultak el H\u00e1rosban, Babament\u0151 inkub\u00e1tor, Sonkaoszt\u00e1s h\u00fasv\u00e9t el\u0151tt, Komolyzenei koncertek, irodalom, Egym\u00e1st t\u00e1mogatva: egy h\u00e1zass\u00e1g t\u00f6rt\u00e9nete, Elhunyt Lenkei L\u00e1szl\u00f3 kor\u00e1bbi alpolg\u00e1rmester, Egy bar\u00e1t eml\u00e9kei Z\u00e1mb\u00f3 Jimmyr\u0151l, Aki megm\u00e1szta a lakihegyi ad\u00f3tornyot, programaj\u00e1nl\u00f3, rejtv\u00e9ny. K\u00f6vetkez\u0151 sz\u00e1munk egy h\u00e9t m\u00falva, \u00e1prilis 10-\u00e9n jelenik meg.<\/p>\n","protected":false},"author":2,"featured_media":2438,"comment_status":"open","ping_status":"open","sticky":false,"template":"","format":"standard","meta":[],"categories":[9,12],"tags":[],"acf":[],"_links":{"self":[{"href":"https:\/\/www.csepelivaroskep.hu\/hirmondo\/wp-json\/wp\/v2\/posts\/2439"}],"collection":[{"href":"https:\/\/www.csepelivaroskep.hu\/hirmondo\/wp-json\/wp\/v2\/posts"}],"about":[{"href":"https:\/\/www.csepelivaroskep.hu\/hirmondo\/wp-json\/wp\/v2\/types\/post"}],"author":[{"embeddable":true,"href":"https:\/\/www.csepelivaroskep.hu\/hirmondo\/wp-json\/wp\/v2\/users\/2"}],"replies":[{"embeddable":true,"href":"https:\/\/www.csepelivaroskep.hu\/hirmondo\/wp-json\/wp\/v2\/comments?post=2439"}],"version-history":[{"count":1,"href":"https:\/\/www.csepelivaroskep.hu\/hirmondo\/wp-json\/wp\/v2\/posts\/2439\/revisions"}],"predecessor-version":[{"id":2440,"href":"https:\/\/www.csepelivaroskep.hu\/hirmondo\/wp-json\/wp\/v2\/posts\/2439\/revisions\/2440"}],"wp:featuredmedia":[{"embeddable":true,"href":"https:\/\/www.csepelivaroskep.hu\/hirmondo\/wp-json\/wp\/v2\/media\/2438"}],"wp:attachment":[{"href":"https:\/\/www.csepelivaroskep.hu\/hirmondo\/wp-json\/wp\/v2\/media?parent=2439"}],"wp:term":[{"taxonomy":"category","embeddable":true,"href":"https:\/\/www.csepelivaroskep.hu\/hirmondo\/wp-json\/wp\/v2\/categories?post=2439"},{"taxonomy":"post_tag","embeddable":true,"href":"https:\/\/www.csepelivaroskep.hu\/hirmondo\/wp-json\/wp\/v2\/tags?post=2439"}],"curies":[{"name":"wp","href":"https:\/\/api.w.org\/{rel}","templated":true}]}}