{"id":2444,"date":"2024-04-10T08:47:17","date_gmt":"2024-04-10T08:47:17","guid":{"rendered":"http:\/\/www.csepelivaroskep.hu\/hirmondo\/?p=2444"},"modified":"2024-04-10T08:47:19","modified_gmt":"2024-04-10T08:47:19","slug":"csepeli-hirmondo-xv-8-szam","status":"publish","type":"post","link":"https:\/\/www.csepelivaroskep.hu\/hirmondo\/2024\/04\/10\/csepeli-hirmondo-xv-8-szam\/","title":{"rendered":"Csepeli H\u00edrmond\u00f3 XV.\/8.sz\u00e1m"},"content":{"rendered":"\n<p>Megjelent a Csepeli H\u00edrmond\u00f3 legfrissebb sz\u00e1ma. A tartalomb\u00f3l: \u00d3vodapedag\u00f3gusok: az orsz\u00e1gban egyed\u00fcl\u00e1ll\u00f3 b\u00e9remel\u00e9s Csepelen, \u00d6n szeret Csepelen \u00e9lni?, A szocialist\u00e1k elherd\u00e1lt\u00e1k, a mostani vezet\u00e9s visszaszerezte, Nyolcvan \u00e9ve t\u00f6rt\u00e9nt, Bet\u00f6r\u0151ket fogtak, \u00e9letet mentettek, Jubileumi t\u00e1rlat a gal\u00e9ri\u00e1ban, \u00c9l\u0151 R\u00f3zsaf\u0171z\u00e9r Zar\u00e1ndoklat, Csepeli kosarasok eml\u00e9keztek a legend\u00e1s sikerre, N\u00e9meth Ferenc olimpiai bajnok 88 \u00e9ves, programaj\u00e1nl\u00f3, rejtv\u00e9ny. K\u00f6vetkez\u0151 sz\u00e1munk \u00e1prilis 17-\u00e9n jelenik meg.<\/p>\n\n\n<a href=\"https:\/\/www.csepelivaroskep.hu\/hirmondo\/wp-content\/uploads\/sites\/7\/2024\/04\/CSH_320.pdf\" class=\"pdfemb-viewer\" style=\"\" data-width=\"max\" data-height=\"max\" data-mobile-width=\"0\"  data-scrollbar=\"none\" data-download=\"on\" data-tracking=\"on\" data-newwindow=\"on\" data-pagetextbox=\"off\" data-scrolltotop=\"off\" data-startzoom=\"100\" data-startfpzoom=\"100\" data-toolbar=\"both\" data-toolbar-fixed=\"on\">CSH_320<br\/><\/a>\n<p class=\"wp-block-pdfemb-pdf-embedder-viewer\"><\/p>\n","protected":false},"excerpt":{"rendered":"<p>Megjelent a Csepeli H\u00edrmond\u00f3 legfrissebb sz\u00e1ma. A tartalomb\u00f3l: \u00d3vodapedag\u00f3gusok: az orsz\u00e1gban egyed\u00fcl\u00e1ll\u00f3 b\u00e9remel\u00e9s Csepelen, \u00d6n szeret Csepelen \u00e9lni?, A szocialist\u00e1k elherd\u00e1lt\u00e1k, a mostani vezet\u00e9s visszaszerezte, Nyolcvan \u00e9ve t\u00f6rt\u00e9nt, Bet\u00f6r\u0151ket fogtak, \u00e9letet mentettek, Jubileumi t\u00e1rlat a gal\u00e9ri\u00e1ban, \u00c9l\u0151 R\u00f3zsaf\u0171z\u00e9r Zar\u00e1ndoklat, Csepeli kosarasok eml\u00e9keztek a legend\u00e1s sikerre, N\u00e9meth Ferenc olimpiai bajnok 88 \u00e9ves, programaj\u00e1nl\u00f3, rejtv\u00e9ny. K\u00f6vetkez\u0151 sz\u00e1munk [&hellip;]<\/p>\n","protected":false},"author":2,"featured_media":2443,"comment_status":"open","ping_status":"open","sticky":false,"template":"","format":"standard","meta":[],"categories":[9,12],"tags":[295,182,294],"acf":[],"_links":{"self":[{"href":"https:\/\/www.csepelivaroskep.hu\/hirmondo\/wp-json\/wp\/v2\/posts\/2444"}],"collection":[{"href":"https:\/\/www.csepelivaroskep.hu\/hirmondo\/wp-json\/wp\/v2\/posts"}],"about":[{"href":"https:\/\/www.csepelivaroskep.hu\/hirmondo\/wp-json\/wp\/v2\/types\/post"}],"author":[{"embeddable":true,"href":"https:\/\/www.csepelivaroskep.hu\/hirmondo\/wp-json\/wp\/v2\/users\/2"}],"replies":[{"embeddable":true,"href":"https:\/\/www.csepelivaroskep.hu\/hirmondo\/wp-json\/wp\/v2\/comments?post=2444"}],"version-history":[{"count":1,"href":"https:\/\/www.csepelivaroskep.hu\/hirmondo\/wp-json\/wp\/v2\/posts\/2444\/revisions"}],"predecessor-version":[{"id":2445,"href":"https:\/\/www.csepelivaroskep.hu\/hirmondo\/wp-json\/wp\/v2\/posts\/2444\/revisions\/2445"}],"wp:featuredmedia":[{"embeddable":true,"href":"https:\/\/www.csepelivaroskep.hu\/hirmondo\/wp-json\/wp\/v2\/media\/2443"}],"wp:attachment":[{"href":"https:\/\/www.csepelivaroskep.hu\/hirmondo\/wp-json\/wp\/v2\/media?parent=2444"}],"wp:term":[{"taxonomy":"category","embeddable":true,"href":"https:\/\/www.csepelivaroskep.hu\/hirmondo\/wp-json\/wp\/v2\/categories?post=2444"},{"taxonomy":"post_tag","embeddable":true,"href":"https:\/\/www.csepelivaroskep.hu\/hirmondo\/wp-json\/wp\/v2\/tags?post=2444"}],"curies":[{"name":"wp","href":"https:\/\/api.w.org\/{rel}","templated":true}]}}