{"id":2491,"date":"2024-05-22T07:56:08","date_gmt":"2024-05-22T07:56:08","guid":{"rendered":"http:\/\/www.csepelivaroskep.hu\/hirmondo\/?p=2491"},"modified":"2024-05-22T07:56:09","modified_gmt":"2024-05-22T07:56:09","slug":"csepeli-hirmondo-xv-14-szam","status":"publish","type":"post","link":"https:\/\/www.csepelivaroskep.hu\/hirmondo\/2024\/05\/22\/csepeli-hirmondo-xv-14-szam\/","title":{"rendered":"Csepeli H\u00edrmond\u00f3 XV.\/14.sz\u00e1m"},"content":{"rendered":"\n<p>Megjelent a Csepeli H\u00edrmond\u00f3 legfrissebb sz\u00e1ma. A tartalomb\u00f3l: Meg\u00fajult a Mesevil\u00e1g B\u00f6lcs\u0151de udvara, Kezd\u0151dik a Maros utca fel\u00faj\u00edt\u00e1sa, M\u00faltid\u00e9z\u00e9s a Csepel M\u0171vek dolgoz\u00f3inak tal\u00e1lkoz\u00f3j\u00e1n, Pap\u00edrgy\u00e1r, Poszt\u00f3gy\u00e1r, Szabadkik\u00f6t\u0151, Eur\u00f3pai parlamenti \u00e9s helyi \u00f6nkorm\u00e1nyzati v\u00e1laszt\u00e1s 2024, Elutas\u00edtott f\u0151v\u00e1rosi p\u00e1ly\u00e1zat,  Csepeliek a fed\u00e9lzeten, Egy\u00fctt j\u00f3ban-rosszban,  Csal\u00e1di sportnap a strandon, rejtv\u00e9ny.<\/p>\n\n\n<a href=\"https:\/\/www.csepelivaroskep.hu\/hirmondo\/wp-content\/uploads\/sites\/7\/2024\/05\/CSH_326.pdf\" class=\"pdfemb-viewer\" style=\"\" data-width=\"max\" data-height=\"max\" data-mobile-width=\"0\"  data-scrollbar=\"none\" data-download=\"on\" data-tracking=\"on\" data-newwindow=\"on\" data-pagetextbox=\"off\" data-scrolltotop=\"off\" data-startzoom=\"100\" data-startfpzoom=\"100\" data-toolbar=\"both\" data-toolbar-fixed=\"on\">CSH_326<br\/><\/a>\n<p class=\"wp-block-pdfemb-pdf-embedder-viewer\"><\/p>\n","protected":false},"excerpt":{"rendered":"<p>Megjelent a Csepeli H\u00edrmond\u00f3 legfrissebb sz\u00e1ma. A tartalomb\u00f3l: Meg\u00fajult a Mesevil\u00e1g B\u00f6lcs\u0151de udvara, Kezd\u0151dik a Maros utca fel\u00faj\u00edt\u00e1sa, M\u00faltid\u00e9z\u00e9s a Csepel M\u0171vek dolgoz\u00f3inak tal\u00e1lkoz\u00f3j\u00e1n, Pap\u00edrgy\u00e1r, Poszt\u00f3gy\u00e1r, Szabadkik\u00f6t\u0151, Eur\u00f3pai parlamenti \u00e9s helyi \u00f6nkorm\u00e1nyzati v\u00e1laszt\u00e1s 2024, Elutas\u00edtott f\u0151v\u00e1rosi p\u00e1ly\u00e1zat, Csepeliek a fed\u00e9lzeten, Egy\u00fctt j\u00f3ban-rosszban, Csal\u00e1di sportnap a strandon, rejtv\u00e9ny.<\/p>\n","protected":false},"author":2,"featured_media":2490,"comment_status":"open","ping_status":"open","sticky":false,"template":"","format":"standard","meta":[],"categories":[9,12],"tags":[],"acf":[],"_links":{"self":[{"href":"https:\/\/www.csepelivaroskep.hu\/hirmondo\/wp-json\/wp\/v2\/posts\/2491"}],"collection":[{"href":"https:\/\/www.csepelivaroskep.hu\/hirmondo\/wp-json\/wp\/v2\/posts"}],"about":[{"href":"https:\/\/www.csepelivaroskep.hu\/hirmondo\/wp-json\/wp\/v2\/types\/post"}],"author":[{"embeddable":true,"href":"https:\/\/www.csepelivaroskep.hu\/hirmondo\/wp-json\/wp\/v2\/users\/2"}],"replies":[{"embeddable":true,"href":"https:\/\/www.csepelivaroskep.hu\/hirmondo\/wp-json\/wp\/v2\/comments?post=2491"}],"version-history":[{"count":1,"href":"https:\/\/www.csepelivaroskep.hu\/hirmondo\/wp-json\/wp\/v2\/posts\/2491\/revisions"}],"predecessor-version":[{"id":2492,"href":"https:\/\/www.csepelivaroskep.hu\/hirmondo\/wp-json\/wp\/v2\/posts\/2491\/revisions\/2492"}],"wp:featuredmedia":[{"embeddable":true,"href":"https:\/\/www.csepelivaroskep.hu\/hirmondo\/wp-json\/wp\/v2\/media\/2490"}],"wp:attachment":[{"href":"https:\/\/www.csepelivaroskep.hu\/hirmondo\/wp-json\/wp\/v2\/media?parent=2491"}],"wp:term":[{"taxonomy":"category","embeddable":true,"href":"https:\/\/www.csepelivaroskep.hu\/hirmondo\/wp-json\/wp\/v2\/categories?post=2491"},{"taxonomy":"post_tag","embeddable":true,"href":"https:\/\/www.csepelivaroskep.hu\/hirmondo\/wp-json\/wp\/v2\/tags?post=2491"}],"curies":[{"name":"wp","href":"https:\/\/api.w.org\/{rel}","templated":true}]}}