{"id":2501,"date":"2024-06-03T10:53:25","date_gmt":"2024-06-03T10:53:25","guid":{"rendered":"http:\/\/www.csepelivaroskep.hu\/hirmondo\/?p=2501"},"modified":"2024-06-03T10:53:25","modified_gmt":"2024-06-03T10:53:25","slug":"csepeli-hirmondo-xv-16-szam","status":"publish","type":"post","link":"https:\/\/www.csepelivaroskep.hu\/hirmondo\/2024\/06\/03\/csepeli-hirmondo-xv-16-szam\/","title":{"rendered":"Csepeli H\u00edrmond\u00f3 XV.\/16.sz\u00e1m"},"content":{"rendered":"\n<p>Megjelent a Csepeli H\u00edrmond\u00f3 legfrissebb sz\u00e1ma. A tartalomb\u00f3l: Egynapos seb\u00e9szet: m\u0171t\u00e9tek, tapasztalatok, Elkezd\u0151dik a Munk\u00e1sotthon tet\u0151szerkezet\u00e9nek fel\u00faj\u00edt\u00e1sa, Esti haj\u00f3kir\u00e1ndul\u00e1s a Dun\u00e1n, Mi\u00e9rt j\u00f3 t\u00e1rsasj\u00e1t\u00e9kozni?, Egy vir\u00e1gkert\u00e9szb\u0151l lett szobr\u00e1sz alkot\u00e1sai, Koncert a teraszon, Ny\u00e1ri zsong\u00e1s a Daru-dombon, Kih\u00edv\u00e1s napja Csepelen, \u00d6t \u00e9rem az orsz\u00e1gos di\u00e1kolimpi\u00e1n, programaj\u00e1nl\u00f3, rejtv\u00e9ny.<\/p>\n\n\n<a href=\"https:\/\/www.csepelivaroskep.hu\/hirmondo\/wp-content\/uploads\/sites\/7\/2024\/06\/CSH_328.pdf\" class=\"pdfemb-viewer\" style=\"\" data-width=\"max\" data-height=\"max\" data-mobile-width=\"0\"  data-scrollbar=\"none\" data-download=\"on\" data-tracking=\"on\" data-newwindow=\"on\" data-pagetextbox=\"off\" data-scrolltotop=\"off\" data-startzoom=\"100\" data-startfpzoom=\"100\" data-toolbar=\"both\" data-toolbar-fixed=\"on\">CSH_328<br\/><\/a>\n<p class=\"wp-block-pdfemb-pdf-embedder-viewer\"><\/p>\n","protected":false},"excerpt":{"rendered":"<p>Megjelent a Csepeli H\u00edrmond\u00f3 legfrissebb sz\u00e1ma. A tartalomb\u00f3l: Egynapos seb\u00e9szet: m\u0171t\u00e9tek, tapasztalatok, Elkezd\u0151dik a Munk\u00e1sotthon tet\u0151szerkezet\u00e9nek fel\u00faj\u00edt\u00e1sa, Esti haj\u00f3kir\u00e1ndul\u00e1s a Dun\u00e1n, Mi\u00e9rt j\u00f3 t\u00e1rsasj\u00e1t\u00e9kozni?, Egy vir\u00e1gkert\u00e9szb\u0151l lett szobr\u00e1sz alkot\u00e1sai, Koncert a teraszon, Ny\u00e1ri zsong\u00e1s a Daru-dombon, Kih\u00edv\u00e1s napja Csepelen, \u00d6t \u00e9rem az orsz\u00e1gos di\u00e1kolimpi\u00e1n, programaj\u00e1nl\u00f3, rejtv\u00e9ny.<\/p>\n","protected":false},"author":2,"featured_media":2500,"comment_status":"open","ping_status":"open","sticky":false,"template":"","format":"standard","meta":[],"categories":[9,12],"tags":[],"acf":[],"_links":{"self":[{"href":"https:\/\/www.csepelivaroskep.hu\/hirmondo\/wp-json\/wp\/v2\/posts\/2501"}],"collection":[{"href":"https:\/\/www.csepelivaroskep.hu\/hirmondo\/wp-json\/wp\/v2\/posts"}],"about":[{"href":"https:\/\/www.csepelivaroskep.hu\/hirmondo\/wp-json\/wp\/v2\/types\/post"}],"author":[{"embeddable":true,"href":"https:\/\/www.csepelivaroskep.hu\/hirmondo\/wp-json\/wp\/v2\/users\/2"}],"replies":[{"embeddable":true,"href":"https:\/\/www.csepelivaroskep.hu\/hirmondo\/wp-json\/wp\/v2\/comments?post=2501"}],"version-history":[{"count":1,"href":"https:\/\/www.csepelivaroskep.hu\/hirmondo\/wp-json\/wp\/v2\/posts\/2501\/revisions"}],"predecessor-version":[{"id":2502,"href":"https:\/\/www.csepelivaroskep.hu\/hirmondo\/wp-json\/wp\/v2\/posts\/2501\/revisions\/2502"}],"wp:featuredmedia":[{"embeddable":true,"href":"https:\/\/www.csepelivaroskep.hu\/hirmondo\/wp-json\/wp\/v2\/media\/2500"}],"wp:attachment":[{"href":"https:\/\/www.csepelivaroskep.hu\/hirmondo\/wp-json\/wp\/v2\/media?parent=2501"}],"wp:term":[{"taxonomy":"category","embeddable":true,"href":"https:\/\/www.csepelivaroskep.hu\/hirmondo\/wp-json\/wp\/v2\/categories?post=2501"},{"taxonomy":"post_tag","embeddable":true,"href":"https:\/\/www.csepelivaroskep.hu\/hirmondo\/wp-json\/wp\/v2\/tags?post=2501"}],"curies":[{"name":"wp","href":"https:\/\/api.w.org\/{rel}","templated":true}]}}