{"id":2518,"date":"2024-08-14T07:33:25","date_gmt":"2024-08-14T07:33:25","guid":{"rendered":"http:\/\/www.csepelivaroskep.hu\/hirmondo\/?p=2518"},"modified":"2024-08-14T07:33:27","modified_gmt":"2024-08-14T07:33:27","slug":"csepeli-hirmondo-xv-20-szam","status":"publish","type":"post","link":"https:\/\/www.csepelivaroskep.hu\/hirmondo\/2024\/08\/14\/csepeli-hirmondo-xv-20-szam\/","title":{"rendered":"Csepeli H\u00edrmond\u00f3 XV.\/20.sz\u00e1m"},"content":{"rendered":"\n<p>Megjelent a Csepeli H\u00edrmond\u00f3 legfrissebb sz\u00e1ma. A tartalomb\u00f3l: \u00dajj\u00e1sz\u00fclethet a Kossuth Lajos utca, Sz\u00e1z\u00e9ves a Csepeli K\u00f3rh\u00e1z: egykori dolgoz\u00f3k eml\u00e9keztek, Ny\u00e1ri gyermek\u00e9tkez\u00e9s, Felmentett\u00e9k az Arany J\u00e1nos iskola igazgat\u00f3n\u0151j\u00e9t, Ny\u00e1ri t\u00e1nct\u00e1bor, Mi\u00e9rt fontos a v\u00e9rplazma?, Csepeli evez\u0151s\u00f6k sikerei az orsz\u00e1gos bajnoks\u00e1gon, programaj\u00e1nl\u00f3, rejtv\u00e9ny. K\u00f6vetkez\u0151 sz\u00e1munk szeptember 11-\u00e9n jelenik meg.<\/p>\n\n\n<a href=\"https:\/\/www.csepelivaroskep.hu\/hirmondo\/wp-content\/uploads\/sites\/7\/2024\/08\/CSH_332-1.pdf\" class=\"pdfemb-viewer\" style=\"\" data-width=\"max\" data-height=\"max\" data-mobile-width=\"0\"  data-scrollbar=\"none\" data-download=\"on\" data-tracking=\"on\" data-newwindow=\"on\" data-pagetextbox=\"off\" data-scrolltotop=\"off\" data-startzoom=\"100\" data-startfpzoom=\"100\" data-toolbar=\"both\" data-toolbar-fixed=\"on\">CSH_332-1<br\/><\/a>\n<p class=\"wp-block-pdfemb-pdf-embedder-viewer\"><\/p>\n","protected":false},"excerpt":{"rendered":"<p>Megjelent a Csepeli H\u00edrmond\u00f3 legfrissebb sz\u00e1ma. A tartalomb\u00f3l: \u00dajj\u00e1sz\u00fclethet a Kossuth Lajos utca, Sz\u00e1z\u00e9ves a Csepeli K\u00f3rh\u00e1z: egykori dolgoz\u00f3k eml\u00e9keztek, Ny\u00e1ri gyermek\u00e9tkez\u00e9s, Felmentett\u00e9k az Arany J\u00e1nos iskola igazgat\u00f3n\u0151j\u00e9t, Ny\u00e1ri t\u00e1nct\u00e1bor, Mi\u00e9rt fontos a v\u00e9rplazma?, Csepeli evez\u0151s\u00f6k sikerei az orsz\u00e1gos bajnoks\u00e1gon, programaj\u00e1nl\u00f3, rejtv\u00e9ny. K\u00f6vetkez\u0151 sz\u00e1munk szeptember 11-\u00e9n jelenik meg.<\/p>\n","protected":false},"author":2,"featured_media":2517,"comment_status":"open","ping_status":"open","sticky":false,"template":"","format":"standard","meta":[],"categories":[9,12],"tags":[],"acf":[],"_links":{"self":[{"href":"https:\/\/www.csepelivaroskep.hu\/hirmondo\/wp-json\/wp\/v2\/posts\/2518"}],"collection":[{"href":"https:\/\/www.csepelivaroskep.hu\/hirmondo\/wp-json\/wp\/v2\/posts"}],"about":[{"href":"https:\/\/www.csepelivaroskep.hu\/hirmondo\/wp-json\/wp\/v2\/types\/post"}],"author":[{"embeddable":true,"href":"https:\/\/www.csepelivaroskep.hu\/hirmondo\/wp-json\/wp\/v2\/users\/2"}],"replies":[{"embeddable":true,"href":"https:\/\/www.csepelivaroskep.hu\/hirmondo\/wp-json\/wp\/v2\/comments?post=2518"}],"version-history":[{"count":1,"href":"https:\/\/www.csepelivaroskep.hu\/hirmondo\/wp-json\/wp\/v2\/posts\/2518\/revisions"}],"predecessor-version":[{"id":2519,"href":"https:\/\/www.csepelivaroskep.hu\/hirmondo\/wp-json\/wp\/v2\/posts\/2518\/revisions\/2519"}],"wp:featuredmedia":[{"embeddable":true,"href":"https:\/\/www.csepelivaroskep.hu\/hirmondo\/wp-json\/wp\/v2\/media\/2517"}],"wp:attachment":[{"href":"https:\/\/www.csepelivaroskep.hu\/hirmondo\/wp-json\/wp\/v2\/media?parent=2518"}],"wp:term":[{"taxonomy":"category","embeddable":true,"href":"https:\/\/www.csepelivaroskep.hu\/hirmondo\/wp-json\/wp\/v2\/categories?post=2518"},{"taxonomy":"post_tag","embeddable":true,"href":"https:\/\/www.csepelivaroskep.hu\/hirmondo\/wp-json\/wp\/v2\/tags?post=2518"}],"curies":[{"name":"wp","href":"https:\/\/api.w.org\/{rel}","templated":true}]}}