{"id":2526,"date":"2024-09-25T10:29:09","date_gmt":"2024-09-25T10:29:09","guid":{"rendered":"http:\/\/www.csepelivaroskep.hu\/hirmondo\/?p=2526"},"modified":"2024-09-25T10:29:10","modified_gmt":"2024-09-25T10:29:10","slug":"csepeli-hirmondo-xv-22-szam","status":"publish","type":"post","link":"https:\/\/www.csepelivaroskep.hu\/hirmondo\/2024\/09\/25\/csepeli-hirmondo-xv-22-szam\/","title":{"rendered":"Csepeli H\u00edrmond\u00f3 XV.\/22.sz\u00e1m"},"content":{"rendered":"\n<p>Megjelent a Csepeli H\u00edrmond\u00f3 legfrissebb sz\u00e1ma. A tartalomb\u00f3l: \u00d6sszefog\u00e1s az \u00e1rv\u00edz ellen Csepelen, Csepeli Panelprogram: \u00fajabb t\u00e1mogat\u00e1sok, \u00d6tven f\u00e1t \u00fcltettek a Csete Bal\u00e1zs s\u00e9t\u00e1nyn\u00e1l, Meg\u00fajul\u00e1s k\u00f6z\u00f6ss\u00e9gi tervez\u00e9ssel, Fut a Csepel: id\u00e9n k\u00e9tezren vettek r\u00e9szt,  Hungarikum Fesztiv\u00e1l Csepelen,  Hattingen: &#8220;Hol vannak a mi magyarjaink?&#8221;, Csend\u00e9letek a gal\u00e9ri\u00e1ban, programaj\u00e1nl\u00f3, rejtv\u00e9ny. Legk\u00f6zelebbi sz\u00e1munk okt\u00f3ber 9-\u00e9n jelenik meg.<\/p>\n\n\n<a href=\"https:\/\/www.csepelivaroskep.hu\/hirmondo\/wp-content\/uploads\/sites\/7\/2024\/09\/CSH_334.pdf\" class=\"pdfemb-viewer\" style=\"\" data-width=\"max\" data-height=\"max\" data-mobile-width=\"0\"  data-scrollbar=\"none\" data-download=\"on\" data-tracking=\"on\" data-newwindow=\"on\" data-pagetextbox=\"off\" data-scrolltotop=\"off\" data-startzoom=\"100\" data-startfpzoom=\"100\" data-toolbar=\"both\" data-toolbar-fixed=\"on\">CSH_334<br\/><\/a>\n<p class=\"wp-block-pdfemb-pdf-embedder-viewer\"><\/p>\n","protected":false},"excerpt":{"rendered":"<p>Megjelent a Csepeli H\u00edrmond\u00f3 legfrissebb sz\u00e1ma. A tartalomb\u00f3l: \u00d6sszefog\u00e1s az \u00e1rv\u00edz ellen Csepelen, Csepeli Panelprogram: \u00fajabb t\u00e1mogat\u00e1sok, \u00d6tven f\u00e1t \u00fcltettek a Csete Bal\u00e1zs s\u00e9t\u00e1nyn\u00e1l, Meg\u00fajul\u00e1s k\u00f6z\u00f6ss\u00e9gi tervez\u00e9ssel, Fut a Csepel: id\u00e9n k\u00e9tezren vettek r\u00e9szt, Hungarikum Fesztiv\u00e1l Csepelen, Hattingen: &#8220;Hol vannak a mi magyarjaink?&#8221;, Csend\u00e9letek a gal\u00e9ri\u00e1ban, programaj\u00e1nl\u00f3, rejtv\u00e9ny. Legk\u00f6zelebbi sz\u00e1munk okt\u00f3ber 9-\u00e9n jelenik meg.<\/p>\n","protected":false},"author":2,"featured_media":2525,"comment_status":"open","ping_status":"open","sticky":false,"template":"","format":"standard","meta":[],"categories":[9,12],"tags":[],"acf":[],"_links":{"self":[{"href":"https:\/\/www.csepelivaroskep.hu\/hirmondo\/wp-json\/wp\/v2\/posts\/2526"}],"collection":[{"href":"https:\/\/www.csepelivaroskep.hu\/hirmondo\/wp-json\/wp\/v2\/posts"}],"about":[{"href":"https:\/\/www.csepelivaroskep.hu\/hirmondo\/wp-json\/wp\/v2\/types\/post"}],"author":[{"embeddable":true,"href":"https:\/\/www.csepelivaroskep.hu\/hirmondo\/wp-json\/wp\/v2\/users\/2"}],"replies":[{"embeddable":true,"href":"https:\/\/www.csepelivaroskep.hu\/hirmondo\/wp-json\/wp\/v2\/comments?post=2526"}],"version-history":[{"count":1,"href":"https:\/\/www.csepelivaroskep.hu\/hirmondo\/wp-json\/wp\/v2\/posts\/2526\/revisions"}],"predecessor-version":[{"id":2527,"href":"https:\/\/www.csepelivaroskep.hu\/hirmondo\/wp-json\/wp\/v2\/posts\/2526\/revisions\/2527"}],"wp:featuredmedia":[{"embeddable":true,"href":"https:\/\/www.csepelivaroskep.hu\/hirmondo\/wp-json\/wp\/v2\/media\/2525"}],"wp:attachment":[{"href":"https:\/\/www.csepelivaroskep.hu\/hirmondo\/wp-json\/wp\/v2\/media?parent=2526"}],"wp:term":[{"taxonomy":"category","embeddable":true,"href":"https:\/\/www.csepelivaroskep.hu\/hirmondo\/wp-json\/wp\/v2\/categories?post=2526"},{"taxonomy":"post_tag","embeddable":true,"href":"https:\/\/www.csepelivaroskep.hu\/hirmondo\/wp-json\/wp\/v2\/tags?post=2526"}],"curies":[{"name":"wp","href":"https:\/\/api.w.org\/{rel}","templated":true}]}}