{"id":2547,"date":"2024-12-18T09:28:30","date_gmt":"2024-12-18T09:28:30","guid":{"rendered":"http:\/\/www.csepelivaroskep.hu\/hirmondo\/?p=2547"},"modified":"2024-12-18T09:28:31","modified_gmt":"2024-12-18T09:28:31","slug":"csepeli-hirmondo-xv-27-szam","status":"publish","type":"post","link":"https:\/\/www.csepelivaroskep.hu\/hirmondo\/2024\/12\/18\/csepeli-hirmondo-xv-27-szam\/","title":{"rendered":"Csepeli H\u00edrmond\u00f3 XV.\/27.sz\u00e1m"},"content":{"rendered":"\n<p>Megjelent a Csepeli H\u00edrmond\u00f3 idei utols\u00f3 sz\u00e1ma. A tartalomb\u00f3l: \u00d3vod\u00e1k racionaliz\u00e1l\u00e1sa- \u00fcl\u00e9sezett a k\u00e9pvisel\u0151-test\u00fclet, \u00d3vodai \u00e1talak\u00edt\u00e1s: a szakma is t\u00e1mogatja, Meg\u00fajult a t\u00e1ncol\u00f3 l\u00e1ny \u00e9s k\u00f6rnyezete, Csepel kar\u00e1csonyf\u00e1ja, Egy csepeli biol\u00f3gus, akinek Karik\u00f3 Katalin is gratul\u00e1lt, \u00dcnnepi d\u00edszben: szok\u00e1sok, \u00e9telek, hagyom\u00e1nyok, Csepel k\u00e9pekben, Aj\u00e1nd\u00e9kok, meglepet\u00e9sek: Mi ker\u00fclj\u00f6n a fa al\u00e1?, Mit olvassunk a t\u00e9li sz\u00fcnetben, programaj\u00e1nl\u00f3, rejtv\u00e9ny. J\u00f6v\u0151 \u00e9vi els\u0151 sz\u00e1munk janu\u00e1r 15-\u00e9n jelenik meg.<\/p>\n\n\n<a href=\"https:\/\/www.csepelivaroskep.hu\/hirmondo\/wp-content\/uploads\/sites\/7\/2024\/12\/CSH_339.pdf\" class=\"pdfemb-viewer\" style=\"\" data-width=\"max\" data-height=\"max\" data-mobile-width=\"0\"  data-scrollbar=\"none\" data-download=\"on\" data-tracking=\"on\" data-newwindow=\"on\" data-pagetextbox=\"off\" data-scrolltotop=\"off\" data-startzoom=\"100\" data-startfpzoom=\"100\" data-toolbar=\"both\" data-toolbar-fixed=\"on\">CSH_339<br\/><\/a>\n<p class=\"wp-block-pdfemb-pdf-embedder-viewer\"><\/p>\n","protected":false},"excerpt":{"rendered":"<p>Megjelent a Csepeli H\u00edrmond\u00f3 idei utols\u00f3 sz\u00e1ma. A tartalomb\u00f3l: \u00d3vod\u00e1k racionaliz\u00e1l\u00e1sa- \u00fcl\u00e9sezett a k\u00e9pvisel\u0151-test\u00fclet, \u00d3vodai \u00e1talak\u00edt\u00e1s: a szakma is t\u00e1mogatja, Meg\u00fajult a t\u00e1ncol\u00f3 l\u00e1ny \u00e9s k\u00f6rnyezete, Csepel kar\u00e1csonyf\u00e1ja, Egy csepeli biol\u00f3gus, akinek Karik\u00f3 Katalin is gratul\u00e1lt, \u00dcnnepi d\u00edszben: szok\u00e1sok, \u00e9telek, hagyom\u00e1nyok, Csepel k\u00e9pekben, Aj\u00e1nd\u00e9kok, meglepet\u00e9sek: Mi ker\u00fclj\u00f6n a fa al\u00e1?, Mit olvassunk a t\u00e9li sz\u00fcnetben, [&hellip;]<\/p>\n","protected":false},"author":2,"featured_media":2548,"comment_status":"open","ping_status":"open","sticky":false,"template":"","format":"standard","meta":[],"categories":[9,12],"tags":[],"acf":[],"_links":{"self":[{"href":"https:\/\/www.csepelivaroskep.hu\/hirmondo\/wp-json\/wp\/v2\/posts\/2547"}],"collection":[{"href":"https:\/\/www.csepelivaroskep.hu\/hirmondo\/wp-json\/wp\/v2\/posts"}],"about":[{"href":"https:\/\/www.csepelivaroskep.hu\/hirmondo\/wp-json\/wp\/v2\/types\/post"}],"author":[{"embeddable":true,"href":"https:\/\/www.csepelivaroskep.hu\/hirmondo\/wp-json\/wp\/v2\/users\/2"}],"replies":[{"embeddable":true,"href":"https:\/\/www.csepelivaroskep.hu\/hirmondo\/wp-json\/wp\/v2\/comments?post=2547"}],"version-history":[{"count":1,"href":"https:\/\/www.csepelivaroskep.hu\/hirmondo\/wp-json\/wp\/v2\/posts\/2547\/revisions"}],"predecessor-version":[{"id":2549,"href":"https:\/\/www.csepelivaroskep.hu\/hirmondo\/wp-json\/wp\/v2\/posts\/2547\/revisions\/2549"}],"wp:featuredmedia":[{"embeddable":true,"href":"https:\/\/www.csepelivaroskep.hu\/hirmondo\/wp-json\/wp\/v2\/media\/2548"}],"wp:attachment":[{"href":"https:\/\/www.csepelivaroskep.hu\/hirmondo\/wp-json\/wp\/v2\/media?parent=2547"}],"wp:term":[{"taxonomy":"category","embeddable":true,"href":"https:\/\/www.csepelivaroskep.hu\/hirmondo\/wp-json\/wp\/v2\/categories?post=2547"},{"taxonomy":"post_tag","embeddable":true,"href":"https:\/\/www.csepelivaroskep.hu\/hirmondo\/wp-json\/wp\/v2\/tags?post=2547"}],"curies":[{"name":"wp","href":"https:\/\/api.w.org\/{rel}","templated":true}]}}