{"id":2562,"date":"2025-01-15T10:15:08","date_gmt":"2025-01-15T10:15:08","guid":{"rendered":"http:\/\/www.csepelivaroskep.hu\/hirmondo\/?p=2562"},"modified":"2025-01-15T10:15:09","modified_gmt":"2025-01-15T10:15:09","slug":"csepeli-hirmondo-xvi-1-szam","status":"publish","type":"post","link":"https:\/\/www.csepelivaroskep.hu\/hirmondo\/2025\/01\/15\/csepeli-hirmondo-xvi-1-szam\/","title":{"rendered":"Csepeli H\u00edrmond\u00f3 XVI.\/1.sz\u00e1m"},"content":{"rendered":"\n<p>Megjelent a Csepeli H\u00edrmond\u00f3 idei els\u0151 sz\u00e1ma. A tartalomb\u00f3l: Borb\u00e9ly L\u00e9n\u00e1rd polg\u00e1rmester: &#8220;Felel\u0151ss\u00e9gteljes csapattal v\u00e1gunk neki 2025-nek&#8221;, Szobrot \u00e9s parkot avattak Prokop P\u00e9ter tisztelet\u00e9re, Ism\u00e9t k\u00f6telez\u0151 a maszk, \u00daj\u00e9vi koncert a Munk\u00e1sotthonban, Szerelmem, Erd\u00e9ly &#8211; Wass Albert-eml\u00e9kest, Csoportos ki\u00e1ll\u00edt\u00e1s a gal\u00e9ri\u00e1ban, Farsang: b\u00e1lok, jelmezek, maszkok, Benedek G\u00e1bor lett Magyarorsz\u00e1g legid\u0151sebb olimpiai bajnoka, Hat \u00e9vtized a Csepeli Evez\u0151stelepen, Alkot\u00e1s sz\u00edvvel-l\u00e9lekkel, Nagyn\u00e9 Papp Etelka: &#8220;\u00c9letem v\u00e1gya teljes\u00fclt&#8221;, programaj\u00e1nl\u00f3, rejtv\u00e9ny. Legk\u00f6zlebbi sz\u00e1munk k\u00e9t h\u00e9t m\u00falva, janu\u00e1r 29-\u00e9n jelenik meg.<\/p>\n\n\n<a href=\"https:\/\/www.csepelivaroskep.hu\/hirmondo\/wp-content\/uploads\/sites\/7\/2025\/01\/CSH_340.pdf\" class=\"pdfemb-viewer\" style=\"\" data-width=\"max\" data-height=\"max\" data-mobile-width=\"0\"  data-scrollbar=\"none\" data-download=\"on\" data-tracking=\"on\" data-newwindow=\"on\" data-pagetextbox=\"off\" data-scrolltotop=\"off\" data-startzoom=\"100\" data-startfpzoom=\"100\" data-toolbar=\"both\" data-toolbar-fixed=\"on\">CSH_340<br\/><\/a>\n<p class=\"wp-block-pdfemb-pdf-embedder-viewer\"><\/p>\n","protected":false},"excerpt":{"rendered":"<p>Megjelent a Csepeli H\u00edrmond\u00f3 idei els\u0151 sz\u00e1ma. A tartalomb\u00f3l: Borb\u00e9ly L\u00e9n\u00e1rd polg\u00e1rmester: &#8220;Felel\u0151ss\u00e9gteljes csapattal v\u00e1gunk neki 2025-nek&#8221;, Szobrot \u00e9s parkot avattak Prokop P\u00e9ter tisztelet\u00e9re, Ism\u00e9t k\u00f6telez\u0151 a maszk, \u00daj\u00e9vi koncert a Munk\u00e1sotthonban, Szerelmem, Erd\u00e9ly &#8211; Wass Albert-eml\u00e9kest, Csoportos ki\u00e1ll\u00edt\u00e1s a gal\u00e9ri\u00e1ban, Farsang: b\u00e1lok, jelmezek, maszkok, Benedek G\u00e1bor lett Magyarorsz\u00e1g legid\u0151sebb olimpiai bajnoka, Hat \u00e9vtized a [&hellip;]<\/p>\n","protected":false},"author":2,"featured_media":2560,"comment_status":"open","ping_status":"open","sticky":false,"template":"","format":"standard","meta":[],"categories":[9,12],"tags":[],"acf":[],"_links":{"self":[{"href":"https:\/\/www.csepelivaroskep.hu\/hirmondo\/wp-json\/wp\/v2\/posts\/2562"}],"collection":[{"href":"https:\/\/www.csepelivaroskep.hu\/hirmondo\/wp-json\/wp\/v2\/posts"}],"about":[{"href":"https:\/\/www.csepelivaroskep.hu\/hirmondo\/wp-json\/wp\/v2\/types\/post"}],"author":[{"embeddable":true,"href":"https:\/\/www.csepelivaroskep.hu\/hirmondo\/wp-json\/wp\/v2\/users\/2"}],"replies":[{"embeddable":true,"href":"https:\/\/www.csepelivaroskep.hu\/hirmondo\/wp-json\/wp\/v2\/comments?post=2562"}],"version-history":[{"count":1,"href":"https:\/\/www.csepelivaroskep.hu\/hirmondo\/wp-json\/wp\/v2\/posts\/2562\/revisions"}],"predecessor-version":[{"id":2563,"href":"https:\/\/www.csepelivaroskep.hu\/hirmondo\/wp-json\/wp\/v2\/posts\/2562\/revisions\/2563"}],"wp:featuredmedia":[{"embeddable":true,"href":"https:\/\/www.csepelivaroskep.hu\/hirmondo\/wp-json\/wp\/v2\/media\/2560"}],"wp:attachment":[{"href":"https:\/\/www.csepelivaroskep.hu\/hirmondo\/wp-json\/wp\/v2\/media?parent=2562"}],"wp:term":[{"taxonomy":"category","embeddable":true,"href":"https:\/\/www.csepelivaroskep.hu\/hirmondo\/wp-json\/wp\/v2\/categories?post=2562"},{"taxonomy":"post_tag","embeddable":true,"href":"https:\/\/www.csepelivaroskep.hu\/hirmondo\/wp-json\/wp\/v2\/tags?post=2562"}],"curies":[{"name":"wp","href":"https:\/\/api.w.org\/{rel}","templated":true}]}}