{"id":2571,"date":"2025-02-12T09:46:15","date_gmt":"2025-02-12T09:46:15","guid":{"rendered":"http:\/\/www.csepelivaroskep.hu\/hirmondo\/?p=2571"},"modified":"2025-02-12T09:48:45","modified_gmt":"2025-02-12T09:48:45","slug":"csepeli-hirmondo-xvi-3-szam-2","status":"publish","type":"post","link":"https:\/\/www.csepelivaroskep.hu\/hirmondo\/2025\/02\/12\/csepeli-hirmondo-xvi-3-szam-2\/","title":{"rendered":"Csepeli H\u00edrmond\u00f3 XVI.\/3.sz\u00e1m"},"content":{"rendered":"\n<p>Megjelent a Csepeli H\u00edrmond\u00f3 legfrissebb sz\u00e1ma. A tartalomb\u00f3l: Hat\u00e9kony \u00e9s fenntarthat\u00f3 m\u0171k\u00f6d\u00e9s a sz\u00e1mok t\u00fckr\u00e9ben, Lomtalan\u00edt\u00e1s Csepelen, Elvett\u00e9k a fogyat\u00e9kkal \u00e9l\u0151k t\u00e1mogat\u00e1s\u00e1t, H\u00e1ziorvosok \u00fcgyeletben,  Sv\u00e1b b\u00e1l az \u00c1MK tornacsarnok\u00e1ban, Az orsz\u00e1g legjobbjai k\u00f6zt a Szamos pinc\u00e9rtanul\u00f3ja, Tisztelet, szeretet, besz\u00e9lget\u00e9s, J\u00e1tszva \u00e9p\u00edtik a k\u00f6z\u00f6ss\u00e9get, &#8220;T\u00e9l, t\u00e9l hideg t\u00e9l, messze f\u00fajjon el a sz\u00e9l&#8221;, Csepeli sikerek a di\u00e1kolimpi\u00e1n, \u00dajabb kit\u00fcntet\u00e9s a Sz\u00e1rcs\u00e1nak, programaj\u00e1nl\u00f3, rejtv\u00e9ny. K\u00f6vetkez\u0151 sz\u00e1munk febru\u00e1r 26-\u00e1n jelenik meg.<\/p>\n\n\n<a href=\"https:\/\/www.csepelivaroskep.hu\/hirmondo\/wp-content\/uploads\/sites\/7\/2025\/02\/CSH_342.pdf\" class=\"pdfemb-viewer\" style=\"\" data-width=\"max\" data-height=\"max\" data-mobile-width=\"0\"  data-scrollbar=\"none\" data-download=\"on\" data-tracking=\"on\" data-newwindow=\"on\" data-pagetextbox=\"off\" data-scrolltotop=\"off\" data-startzoom=\"100\" data-startfpzoom=\"100\" data-toolbar=\"both\" data-toolbar-fixed=\"on\">CSH_342<br\/><\/a>\n<p class=\"wp-block-pdfemb-pdf-embedder-viewer\"><\/p>\n","protected":false},"excerpt":{"rendered":"<p>Megjelent a Csepeli H\u00edrmond\u00f3 legfrissebb sz\u00e1ma. A tartalomb\u00f3l: Hat\u00e9kony \u00e9s fenntarthat\u00f3 m\u0171k\u00f6d\u00e9s a sz\u00e1mok t\u00fckr\u00e9ben, Lomtalan\u00edt\u00e1s Csepelen, Elvett\u00e9k a fogyat\u00e9kkal \u00e9l\u0151k t\u00e1mogat\u00e1s\u00e1t, H\u00e1ziorvosok \u00fcgyeletben, Sv\u00e1b b\u00e1l az \u00c1MK tornacsarnok\u00e1ban, Az orsz\u00e1g legjobbjai k\u00f6zt a Szamos pinc\u00e9rtanul\u00f3ja, Tisztelet, szeretet, besz\u00e9lget\u00e9s, J\u00e1tszva \u00e9p\u00edtik a k\u00f6z\u00f6ss\u00e9get, &#8220;T\u00e9l, t\u00e9l hideg t\u00e9l, messze f\u00fajjon el a sz\u00e9l&#8221;, Csepeli sikerek a [&hellip;]<\/p>\n","protected":false},"author":2,"featured_media":2570,"comment_status":"open","ping_status":"open","sticky":false,"template":"","format":"standard","meta":[],"categories":[9,12],"tags":[],"acf":[],"_links":{"self":[{"href":"https:\/\/www.csepelivaroskep.hu\/hirmondo\/wp-json\/wp\/v2\/posts\/2571"}],"collection":[{"href":"https:\/\/www.csepelivaroskep.hu\/hirmondo\/wp-json\/wp\/v2\/posts"}],"about":[{"href":"https:\/\/www.csepelivaroskep.hu\/hirmondo\/wp-json\/wp\/v2\/types\/post"}],"author":[{"embeddable":true,"href":"https:\/\/www.csepelivaroskep.hu\/hirmondo\/wp-json\/wp\/v2\/users\/2"}],"replies":[{"embeddable":true,"href":"https:\/\/www.csepelivaroskep.hu\/hirmondo\/wp-json\/wp\/v2\/comments?post=2571"}],"version-history":[{"count":2,"href":"https:\/\/www.csepelivaroskep.hu\/hirmondo\/wp-json\/wp\/v2\/posts\/2571\/revisions"}],"predecessor-version":[{"id":2573,"href":"https:\/\/www.csepelivaroskep.hu\/hirmondo\/wp-json\/wp\/v2\/posts\/2571\/revisions\/2573"}],"wp:featuredmedia":[{"embeddable":true,"href":"https:\/\/www.csepelivaroskep.hu\/hirmondo\/wp-json\/wp\/v2\/media\/2570"}],"wp:attachment":[{"href":"https:\/\/www.csepelivaroskep.hu\/hirmondo\/wp-json\/wp\/v2\/media?parent=2571"}],"wp:term":[{"taxonomy":"category","embeddable":true,"href":"https:\/\/www.csepelivaroskep.hu\/hirmondo\/wp-json\/wp\/v2\/categories?post=2571"},{"taxonomy":"post_tag","embeddable":true,"href":"https:\/\/www.csepelivaroskep.hu\/hirmondo\/wp-json\/wp\/v2\/tags?post=2571"}],"curies":[{"name":"wp","href":"https:\/\/api.w.org\/{rel}","templated":true}]}}