{"id":2603,"date":"2025-04-23T08:40:30","date_gmt":"2025-04-23T08:40:30","guid":{"rendered":"http:\/\/www.csepelivaroskep.hu\/hirmondo\/?p=2603"},"modified":"2025-04-23T08:40:33","modified_gmt":"2025-04-23T08:40:33","slug":"csepeli-hirmondo-xvi-8-szam","status":"publish","type":"post","link":"https:\/\/www.csepelivaroskep.hu\/hirmondo\/2025\/04\/23\/csepeli-hirmondo-xvi-8-szam\/","title":{"rendered":"Csepeli H\u00edrmond\u00f3 XVI.\/ 8.sz\u00e1m"},"content":{"rendered":"\n<p>Megjelent a Csepeli H\u00edrmond\u00f3 legfrissebb sz\u00e1ma. A tartalomb\u00f3l: \u00daj orvosok \u00e9s el\u0151jegyz\u00e9s a szakrendel\u0151ben, K\u00f6lcsey iskola: Al\u00e1\u00edrt\u00e1k a fel\u00faj\u00edt\u00e1ssal kapcsolatos meg\u00e1llapod\u00e1st, J\u00f3l halad a D\u00e9li K\u00f6rvas\u00fat m\u00e1sodik \u00fctem\u00e9nek \u00e9p\u00edt\u00e9se, Jelent\u0151s b\u00e9remel\u00e9s a v\u00e1rosrend\u00e9szet munkat\u00e1rsainak, K\u00f6z\u00f6s kutyas\u00e9t\u00e1ltat\u00e1s a Kis-Duna-parton, A mi Duna-partunk, N\u00e9pdalokb\u00f3l \u00e9p\u00edtett h\u00edd, Egyre t\u00f6bb a felel\u0151s kutyatart\u00f3, Any\u00e1k napja a nagyvil\u00e1gban, M\u00e1jusfa, koncert, csal\u00e1di programok, programaj\u00e1nl\u00f3, rejtv\u00e9ny. Legk\u00f6zelebbi sz\u00e1munk m\u00e1jus 7-\u00e9n jelenik meg.<\/p>\n\n\n<a href=\"https:\/\/www.csepelivaroskep.hu\/hirmondo\/wp-content\/uploads\/sites\/7\/2025\/04\/CSH_347.pdf\" class=\"pdfemb-viewer\" style=\"\" data-width=\"max\" data-height=\"max\" data-mobile-width=\"0\"  data-scrollbar=\"none\" data-download=\"on\" data-tracking=\"on\" data-newwindow=\"on\" data-pagetextbox=\"off\" data-scrolltotop=\"off\" data-startzoom=\"100\" data-startfpzoom=\"100\" data-toolbar=\"both\" data-toolbar-fixed=\"on\">CSH_347<br\/><\/a>\n<p class=\"wp-block-pdfemb-pdf-embedder-viewer\"><\/p>\n","protected":false},"excerpt":{"rendered":"<p>Megjelent a Csepeli H\u00edrmond\u00f3 legfrissebb sz\u00e1ma. A tartalomb\u00f3l: \u00daj orvosok \u00e9s el\u0151jegyz\u00e9s a szakrendel\u0151ben, K\u00f6lcsey iskola: Al\u00e1\u00edrt\u00e1k a fel\u00faj\u00edt\u00e1ssal kapcsolatos meg\u00e1llapod\u00e1st, J\u00f3l halad a D\u00e9li K\u00f6rvas\u00fat m\u00e1sodik \u00fctem\u00e9nek \u00e9p\u00edt\u00e9se, Jelent\u0151s b\u00e9remel\u00e9s a v\u00e1rosrend\u00e9szet munkat\u00e1rsainak, K\u00f6z\u00f6s kutyas\u00e9t\u00e1ltat\u00e1s a Kis-Duna-parton, A mi Duna-partunk, N\u00e9pdalokb\u00f3l \u00e9p\u00edtett h\u00edd, Egyre t\u00f6bb a felel\u0151s kutyatart\u00f3, Any\u00e1k napja a nagyvil\u00e1gban, M\u00e1jusfa, koncert, [&hellip;]<\/p>\n","protected":false},"author":2,"featured_media":2602,"comment_status":"open","ping_status":"open","sticky":false,"template":"","format":"standard","meta":[],"categories":[9,12],"tags":[13,305,221,182],"acf":[],"_links":{"self":[{"href":"https:\/\/www.csepelivaroskep.hu\/hirmondo\/wp-json\/wp\/v2\/posts\/2603"}],"collection":[{"href":"https:\/\/www.csepelivaroskep.hu\/hirmondo\/wp-json\/wp\/v2\/posts"}],"about":[{"href":"https:\/\/www.csepelivaroskep.hu\/hirmondo\/wp-json\/wp\/v2\/types\/post"}],"author":[{"embeddable":true,"href":"https:\/\/www.csepelivaroskep.hu\/hirmondo\/wp-json\/wp\/v2\/users\/2"}],"replies":[{"embeddable":true,"href":"https:\/\/www.csepelivaroskep.hu\/hirmondo\/wp-json\/wp\/v2\/comments?post=2603"}],"version-history":[{"count":1,"href":"https:\/\/www.csepelivaroskep.hu\/hirmondo\/wp-json\/wp\/v2\/posts\/2603\/revisions"}],"predecessor-version":[{"id":2604,"href":"https:\/\/www.csepelivaroskep.hu\/hirmondo\/wp-json\/wp\/v2\/posts\/2603\/revisions\/2604"}],"wp:featuredmedia":[{"embeddable":true,"href":"https:\/\/www.csepelivaroskep.hu\/hirmondo\/wp-json\/wp\/v2\/media\/2602"}],"wp:attachment":[{"href":"https:\/\/www.csepelivaroskep.hu\/hirmondo\/wp-json\/wp\/v2\/media?parent=2603"}],"wp:term":[{"taxonomy":"category","embeddable":true,"href":"https:\/\/www.csepelivaroskep.hu\/hirmondo\/wp-json\/wp\/v2\/categories?post=2603"},{"taxonomy":"post_tag","embeddable":true,"href":"https:\/\/www.csepelivaroskep.hu\/hirmondo\/wp-json\/wp\/v2\/tags?post=2603"}],"curies":[{"name":"wp","href":"https:\/\/api.w.org\/{rel}","templated":true}]}}