{"id":2626,"date":"2025-06-18T06:56:30","date_gmt":"2025-06-18T06:56:30","guid":{"rendered":"http:\/\/www.csepelivaroskep.hu\/hirmondo\/?p=2626"},"modified":"2025-06-18T06:56:33","modified_gmt":"2025-06-18T06:56:33","slug":"csepeli-hirmondo-xvi-12-szam","status":"publish","type":"post","link":"https:\/\/www.csepelivaroskep.hu\/hirmondo\/2025\/06\/18\/csepeli-hirmondo-xvi-12-szam\/","title":{"rendered":"Csepeli H\u00edrmond\u00f3 XVI.\/12.sz\u00e1m"},"content":{"rendered":"\n<p>Megjelent a Csepeli H\u00edrmond\u00f3 legfrissebb sz\u00e1ma. A tartalomb\u00f3l: Klimatiz\u00e1lt \u00f3vod\u00e1k, Liget a Kis-Duna-parton: Tan\u00f6sv\u00e9ny, erdei tanoda, \u00daj \u00e1pol\u00e1si igazgat\u00f3 a szakrendel\u0151ben, Megeml\u00e9kez\u00e9s a trianoni eml\u00e9km\u0171n\u00e9l, Haj\u00f3kir\u00e1ndul\u00e1s remek hangulatban, Hagyom\u00e1nyok \u00fatj\u00e1n a n\u00e9prajzkutat\u00f3val, Alig\u00e1tortekn\u0151st tal\u00e1ltak a Kis-Duna- parton, Csepelre l\u00e1togatott a Duna Karnev\u00e1l, Harminc sport\u00e1g t\u00f6bb ezer l\u00e1togat\u00f3, Kupagy\u0151ztesek a csepeli strandr\u00f6plabd\u00e1sok, \u00d6r\u00f6m\u00edj\u00e1szok a R\u00f3zsa k\u00f6zben, rejtv\u00e9ny, programaj\u00e1nl\u00f3. Legk\u00f6zelebbi sz\u00e1munk j\u00falius 2-\u00e1n jelenik meg.<\/p>\n\n\n<a href=\"https:\/\/www.csepelivaroskep.hu\/hirmondo\/wp-content\/uploads\/sites\/7\/2025\/06\/CSH_351.pdf\" class=\"pdfemb-viewer\" style=\"\" data-width=\"max\" data-height=\"max\" data-mobile-width=\"0\"  data-scrollbar=\"none\" data-download=\"on\" data-tracking=\"on\" data-newwindow=\"on\" data-pagetextbox=\"off\" data-scrolltotop=\"off\" data-startzoom=\"100\" data-startfpzoom=\"100\" data-toolbar=\"both\" data-toolbar-fixed=\"on\">CSH_351<br\/><\/a>\n<p class=\"wp-block-pdfemb-pdf-embedder-viewer\"><\/p>\n","protected":false},"excerpt":{"rendered":"<p>Megjelent a Csepeli H\u00edrmond\u00f3 legfrissebb sz\u00e1ma. A tartalomb\u00f3l: Klimatiz\u00e1lt \u00f3vod\u00e1k, Liget a Kis-Duna-parton: Tan\u00f6sv\u00e9ny, erdei tanoda, \u00daj \u00e1pol\u00e1si igazgat\u00f3 a szakrendel\u0151ben, Megeml\u00e9kez\u00e9s a trianoni eml\u00e9km\u0171n\u00e9l, Haj\u00f3kir\u00e1ndul\u00e1s remek hangulatban, Hagyom\u00e1nyok \u00fatj\u00e1n a n\u00e9prajzkutat\u00f3val, Alig\u00e1tortekn\u0151st tal\u00e1ltak a Kis-Duna- parton, Csepelre l\u00e1togatott a Duna Karnev\u00e1l, Harminc sport\u00e1g t\u00f6bb ezer l\u00e1togat\u00f3, Kupagy\u0151ztesek a csepeli strandr\u00f6plabd\u00e1sok, \u00d6r\u00f6m\u00edj\u00e1szok a R\u00f3zsa k\u00f6zben, [&hellip;]<\/p>\n","protected":false},"author":2,"featured_media":2624,"comment_status":"open","ping_status":"open","sticky":false,"template":"","format":"standard","meta":[],"categories":[9,12],"tags":[],"acf":[],"_links":{"self":[{"href":"https:\/\/www.csepelivaroskep.hu\/hirmondo\/wp-json\/wp\/v2\/posts\/2626"}],"collection":[{"href":"https:\/\/www.csepelivaroskep.hu\/hirmondo\/wp-json\/wp\/v2\/posts"}],"about":[{"href":"https:\/\/www.csepelivaroskep.hu\/hirmondo\/wp-json\/wp\/v2\/types\/post"}],"author":[{"embeddable":true,"href":"https:\/\/www.csepelivaroskep.hu\/hirmondo\/wp-json\/wp\/v2\/users\/2"}],"replies":[{"embeddable":true,"href":"https:\/\/www.csepelivaroskep.hu\/hirmondo\/wp-json\/wp\/v2\/comments?post=2626"}],"version-history":[{"count":1,"href":"https:\/\/www.csepelivaroskep.hu\/hirmondo\/wp-json\/wp\/v2\/posts\/2626\/revisions"}],"predecessor-version":[{"id":2627,"href":"https:\/\/www.csepelivaroskep.hu\/hirmondo\/wp-json\/wp\/v2\/posts\/2626\/revisions\/2627"}],"wp:featuredmedia":[{"embeddable":true,"href":"https:\/\/www.csepelivaroskep.hu\/hirmondo\/wp-json\/wp\/v2\/media\/2624"}],"wp:attachment":[{"href":"https:\/\/www.csepelivaroskep.hu\/hirmondo\/wp-json\/wp\/v2\/media?parent=2626"}],"wp:term":[{"taxonomy":"category","embeddable":true,"href":"https:\/\/www.csepelivaroskep.hu\/hirmondo\/wp-json\/wp\/v2\/categories?post=2626"},{"taxonomy":"post_tag","embeddable":true,"href":"https:\/\/www.csepelivaroskep.hu\/hirmondo\/wp-json\/wp\/v2\/tags?post=2626"}],"curies":[{"name":"wp","href":"https:\/\/api.w.org\/{rel}","templated":true}]}}