{"id":2630,"date":"2025-07-02T07:21:57","date_gmt":"2025-07-02T07:21:57","guid":{"rendered":"http:\/\/www.csepelivaroskep.hu\/hirmondo\/?p=2630"},"modified":"2025-07-02T07:22:00","modified_gmt":"2025-07-02T07:22:00","slug":"csepeli-hirmondo-xvi-13-szam","status":"publish","type":"post","link":"https:\/\/www.csepelivaroskep.hu\/hirmondo\/2025\/07\/02\/csepeli-hirmondo-xvi-13-szam\/","title":{"rendered":"Csepeli H\u00edrmond\u00f3 XVI.\/13.sz\u00e1m"},"content":{"rendered":"\n<p>Megjelent a Csepeli H\u00edrmond\u00f3 legfrissebb sz\u00e1ma. A tartalomb\u00f3l: Elfogadt\u00e1k az \u00faj b\u00e9rlak\u00e1srendeletet, \u00faj parkol\u00e1si rendszerre k\u00e9sz\u00fclnek, Janu\u00e1rt\u00f3l b\u00fcntethetik a szab\u00e1lytalan kukat\u00e1rol\u00e1st, Semmelweis-nap: k\u00f6sz\u00f6nt\u00e9sek, elismer\u00e9sek, Baba-mama szoba a szakrendel\u0151ben, Sz\u00fcnidei \u00e9tkez\u00e9s r\u00e1szorul\u00f3 gyerekeknek, Ny\u00e1ri bajok: milyen jelekre figyelj\u00fcnk?, T\u0171zgy\u00fajt\u00e1s, t\u0171zugr\u00e1s, Mi t\u00f6rt\u00e9nt Csepelen az \u00e9v leghosszabb \u00e9jszak\u00e1j\u00e1n?, Bring\u00e1sok versenye a pumpap\u00e1ly\u00e1n, rejtv\u00e9ny, programaj\u00e1nl\u00f3. Legk\u00f6zelebbi sz\u00e1munk j\u00falius 16-\u00e1n jelenik meg.<\/p>\n\n\n<a href=\"https:\/\/www.csepelivaroskep.hu\/hirmondo\/wp-content\/uploads\/sites\/7\/2025\/07\/CSH_352.pdf\" class=\"pdfemb-viewer\" style=\"\" data-width=\"max\" data-height=\"max\" data-mobile-width=\"0\"  data-scrollbar=\"none\" data-download=\"on\" data-tracking=\"on\" data-newwindow=\"on\" data-pagetextbox=\"off\" data-scrolltotop=\"off\" data-startzoom=\"100\" data-startfpzoom=\"100\" data-toolbar=\"both\" data-toolbar-fixed=\"on\">CSH_352<br\/><\/a>\n<p class=\"wp-block-pdfemb-pdf-embedder-viewer\"><\/p>\n","protected":false},"excerpt":{"rendered":"<p>Megjelent a Csepeli H\u00edrmond\u00f3 legfrissebb sz\u00e1ma. A tartalomb\u00f3l: Elfogadt\u00e1k az \u00faj b\u00e9rlak\u00e1srendeletet, \u00faj parkol\u00e1si rendszerre k\u00e9sz\u00fclnek, Janu\u00e1rt\u00f3l b\u00fcntethetik a szab\u00e1lytalan kukat\u00e1rol\u00e1st, Semmelweis-nap: k\u00f6sz\u00f6nt\u00e9sek, elismer\u00e9sek, Baba-mama szoba a szakrendel\u0151ben, Sz\u00fcnidei \u00e9tkez\u00e9s r\u00e1szorul\u00f3 gyerekeknek, Ny\u00e1ri bajok: milyen jelekre figyelj\u00fcnk?, T\u0171zgy\u00fajt\u00e1s, t\u0171zugr\u00e1s, Mi t\u00f6rt\u00e9nt Csepelen az \u00e9v leghosszabb \u00e9jszak\u00e1j\u00e1n?, Bring\u00e1sok versenye a pumpap\u00e1ly\u00e1n, rejtv\u00e9ny, programaj\u00e1nl\u00f3. Legk\u00f6zelebbi sz\u00e1munk j\u00falius [&hellip;]<\/p>\n","protected":false},"author":2,"featured_media":2628,"comment_status":"open","ping_status":"open","sticky":false,"template":"","format":"standard","meta":[],"categories":[9,12],"tags":[182],"acf":[],"_links":{"self":[{"href":"https:\/\/www.csepelivaroskep.hu\/hirmondo\/wp-json\/wp\/v2\/posts\/2630"}],"collection":[{"href":"https:\/\/www.csepelivaroskep.hu\/hirmondo\/wp-json\/wp\/v2\/posts"}],"about":[{"href":"https:\/\/www.csepelivaroskep.hu\/hirmondo\/wp-json\/wp\/v2\/types\/post"}],"author":[{"embeddable":true,"href":"https:\/\/www.csepelivaroskep.hu\/hirmondo\/wp-json\/wp\/v2\/users\/2"}],"replies":[{"embeddable":true,"href":"https:\/\/www.csepelivaroskep.hu\/hirmondo\/wp-json\/wp\/v2\/comments?post=2630"}],"version-history":[{"count":1,"href":"https:\/\/www.csepelivaroskep.hu\/hirmondo\/wp-json\/wp\/v2\/posts\/2630\/revisions"}],"predecessor-version":[{"id":2631,"href":"https:\/\/www.csepelivaroskep.hu\/hirmondo\/wp-json\/wp\/v2\/posts\/2630\/revisions\/2631"}],"wp:featuredmedia":[{"embeddable":true,"href":"https:\/\/www.csepelivaroskep.hu\/hirmondo\/wp-json\/wp\/v2\/media\/2628"}],"wp:attachment":[{"href":"https:\/\/www.csepelivaroskep.hu\/hirmondo\/wp-json\/wp\/v2\/media?parent=2630"}],"wp:term":[{"taxonomy":"category","embeddable":true,"href":"https:\/\/www.csepelivaroskep.hu\/hirmondo\/wp-json\/wp\/v2\/categories?post=2630"},{"taxonomy":"post_tag","embeddable":true,"href":"https:\/\/www.csepelivaroskep.hu\/hirmondo\/wp-json\/wp\/v2\/tags?post=2630"}],"curies":[{"name":"wp","href":"https:\/\/api.w.org\/{rel}","templated":true}]}}