{"id":2648,"date":"2025-09-10T07:42:30","date_gmt":"2025-09-10T07:42:30","guid":{"rendered":"http:\/\/www.csepelivaroskep.hu\/hirmondo\/?p=2648"},"modified":"2025-09-10T07:42:32","modified_gmt":"2025-09-10T07:42:32","slug":"csepeli-hirmondo-xvi-17-szam","status":"publish","type":"post","link":"https:\/\/www.csepelivaroskep.hu\/hirmondo\/2025\/09\/10\/csepeli-hirmondo-xvi-17-szam\/","title":{"rendered":"Csepeli H\u00edrmond\u00f3 XVI.\/17.sz\u00e1m"},"content":{"rendered":"\n<p>Megjelent a Csepeli H\u00edrmond\u00f3 leg\u00fajabb sz\u00e1ma. A tartalomb\u00f3l: 2,5 milli\u00e1rd forint p\u00e1ly\u00e1zati forr\u00e1st nyert Csepel, \u00c1tadt\u00e1k a meg\u00fajult K\u00f6lcsey Ferenc \u00c1ltal\u00e1nos Iskol\u00e1t, Csal\u00e1di nap a mozg\u00e1ss\u00e9r\u00fcltekn\u00e9l, Csepeli kisfi\u00fa lett a sz\u00e1zadik tiszteletbeli kisvasutas, K\u00e9t arany\u00e9rem K\u00edn\u00e1ban, rejtv\u00e9ny, programaj\u00e1nl\u00f3. Legk\u00f6zelebbi sz\u00e1munk szeptember 24-\u00e9n jelenik meg.<\/p>\n\n\n<a href=\"https:\/\/www.csepelivaroskep.hu\/hirmondo\/wp-content\/uploads\/sites\/7\/2025\/09\/CSH_356-1.pdf\" class=\"pdfemb-viewer\" style=\"\" data-width=\"max\" data-height=\"max\" data-mobile-width=\"0\"  data-scrollbar=\"none\" data-download=\"on\" data-tracking=\"on\" data-newwindow=\"on\" data-pagetextbox=\"off\" data-scrolltotop=\"off\" data-startzoom=\"100\" data-startfpzoom=\"100\" data-toolbar=\"both\" data-toolbar-fixed=\"on\">CSH_356-1<br\/><\/a>\n<p class=\"wp-block-pdfemb-pdf-embedder-viewer\"><\/p>\n","protected":false},"excerpt":{"rendered":"<p>Megjelent a Csepeli H\u00edrmond\u00f3 leg\u00fajabb sz\u00e1ma. A tartalomb\u00f3l: 2,5 milli\u00e1rd forint p\u00e1ly\u00e1zati forr\u00e1st nyert Csepel, \u00c1tadt\u00e1k a meg\u00fajult K\u00f6lcsey Ferenc \u00c1ltal\u00e1nos Iskol\u00e1t, Csal\u00e1di nap a mozg\u00e1ss\u00e9r\u00fcltekn\u00e9l, Csepeli kisfi\u00fa lett a sz\u00e1zadik tiszteletbeli kisvasutas, K\u00e9t arany\u00e9rem K\u00edn\u00e1ban, rejtv\u00e9ny, programaj\u00e1nl\u00f3. Legk\u00f6zelebbi sz\u00e1munk szeptember 24-\u00e9n jelenik meg.<\/p>\n","protected":false},"author":2,"featured_media":2647,"comment_status":"open","ping_status":"open","sticky":false,"template":"","format":"standard","meta":[],"categories":[9,12],"tags":[],"acf":[],"_links":{"self":[{"href":"https:\/\/www.csepelivaroskep.hu\/hirmondo\/wp-json\/wp\/v2\/posts\/2648"}],"collection":[{"href":"https:\/\/www.csepelivaroskep.hu\/hirmondo\/wp-json\/wp\/v2\/posts"}],"about":[{"href":"https:\/\/www.csepelivaroskep.hu\/hirmondo\/wp-json\/wp\/v2\/types\/post"}],"author":[{"embeddable":true,"href":"https:\/\/www.csepelivaroskep.hu\/hirmondo\/wp-json\/wp\/v2\/users\/2"}],"replies":[{"embeddable":true,"href":"https:\/\/www.csepelivaroskep.hu\/hirmondo\/wp-json\/wp\/v2\/comments?post=2648"}],"version-history":[{"count":1,"href":"https:\/\/www.csepelivaroskep.hu\/hirmondo\/wp-json\/wp\/v2\/posts\/2648\/revisions"}],"predecessor-version":[{"id":2649,"href":"https:\/\/www.csepelivaroskep.hu\/hirmondo\/wp-json\/wp\/v2\/posts\/2648\/revisions\/2649"}],"wp:featuredmedia":[{"embeddable":true,"href":"https:\/\/www.csepelivaroskep.hu\/hirmondo\/wp-json\/wp\/v2\/media\/2647"}],"wp:attachment":[{"href":"https:\/\/www.csepelivaroskep.hu\/hirmondo\/wp-json\/wp\/v2\/media?parent=2648"}],"wp:term":[{"taxonomy":"category","embeddable":true,"href":"https:\/\/www.csepelivaroskep.hu\/hirmondo\/wp-json\/wp\/v2\/categories?post=2648"},{"taxonomy":"post_tag","embeddable":true,"href":"https:\/\/www.csepelivaroskep.hu\/hirmondo\/wp-json\/wp\/v2\/tags?post=2648"}],"curies":[{"name":"wp","href":"https:\/\/api.w.org\/{rel}","templated":true}]}}