{"id":2652,"date":"2025-09-24T07:25:03","date_gmt":"2025-09-24T07:25:03","guid":{"rendered":"http:\/\/www.csepelivaroskep.hu\/hirmondo\/?p=2652"},"modified":"2025-09-24T07:25:05","modified_gmt":"2025-09-24T07:25:05","slug":"csepeli-hirmondo-xvi-18-szam","status":"publish","type":"post","link":"https:\/\/www.csepelivaroskep.hu\/hirmondo\/2025\/09\/24\/csepeli-hirmondo-xvi-18-szam\/","title":{"rendered":"Csepeli H\u00edrmond\u00f3 XVI.\/18.sz\u00e1m"},"content":{"rendered":"\n<p>Megjelent a Csepeli H\u00edrmond\u00f3 legfrissebb sz\u00e1ma. A tartalomb\u00f3l: \u00d6nkorm\u00e1nyzati b\u00e9rlak\u00e1sok: v\u00e9szesen k\u00f6zeleg a hat\u00e1rid\u0151, Kilencedik tal\u00e1lkoz\u00f3: Ism\u00e9t egy\u00fctt a Csepel M\u0171vek dolgoz\u00f3i, Csepeli gy\u00e1rak, r\u00e9gi eml\u00e9kek, Aranylakodalom: egy\u00fctt t\u00f6lt\u00f6tt \u00e9vtizedek, K\u00f6z\u00f6ss\u00e9g\u00e9p\u00edt\u00e9s, felel\u0151ss\u00e9gv\u00e1llal\u00e1s, Csepel focilegend\u00e1i \u00fajra p\u00e1ly\u00e1n, programaj\u00e1nl\u00f3, rejtv\u00e9ny. Legk\u00f6zelebbi sz\u00e1munk okt\u00f3ber 8-\u00e1n jelenik meg.<\/p>\n\n\n<a href=\"https:\/\/www.csepelivaroskep.hu\/hirmondo\/wp-content\/uploads\/sites\/7\/2025\/09\/CSH_357.pdf\" class=\"pdfemb-viewer\" style=\"\" data-width=\"max\" data-height=\"max\" data-mobile-width=\"0\"  data-scrollbar=\"none\" data-download=\"on\" data-tracking=\"on\" data-newwindow=\"on\" data-pagetextbox=\"off\" data-scrolltotop=\"off\" data-startzoom=\"100\" data-startfpzoom=\"100\" data-toolbar=\"both\" data-toolbar-fixed=\"on\">CSH_357<br\/><\/a>\n<p class=\"wp-block-pdfemb-pdf-embedder-viewer\"><\/p>\n","protected":false},"excerpt":{"rendered":"<p>Megjelent a Csepeli H\u00edrmond\u00f3 legfrissebb sz\u00e1ma. A tartalomb\u00f3l: \u00d6nkorm\u00e1nyzati b\u00e9rlak\u00e1sok: v\u00e9szesen k\u00f6zeleg a hat\u00e1rid\u0151, Kilencedik tal\u00e1lkoz\u00f3: Ism\u00e9t egy\u00fctt a Csepel M\u0171vek dolgoz\u00f3i, Csepeli gy\u00e1rak, r\u00e9gi eml\u00e9kek, Aranylakodalom: egy\u00fctt t\u00f6lt\u00f6tt \u00e9vtizedek, K\u00f6z\u00f6ss\u00e9g\u00e9p\u00edt\u00e9s, felel\u0151ss\u00e9gv\u00e1llal\u00e1s, Csepel focilegend\u00e1i \u00fajra p\u00e1ly\u00e1n, programaj\u00e1nl\u00f3, rejtv\u00e9ny. Legk\u00f6zelebbi sz\u00e1munk okt\u00f3ber 8-\u00e1n jelenik meg.<\/p>\n","protected":false},"author":2,"featured_media":2650,"comment_status":"open","ping_status":"open","sticky":false,"template":"","format":"standard","meta":[],"categories":[9,12],"tags":[182],"acf":[],"_links":{"self":[{"href":"https:\/\/www.csepelivaroskep.hu\/hirmondo\/wp-json\/wp\/v2\/posts\/2652"}],"collection":[{"href":"https:\/\/www.csepelivaroskep.hu\/hirmondo\/wp-json\/wp\/v2\/posts"}],"about":[{"href":"https:\/\/www.csepelivaroskep.hu\/hirmondo\/wp-json\/wp\/v2\/types\/post"}],"author":[{"embeddable":true,"href":"https:\/\/www.csepelivaroskep.hu\/hirmondo\/wp-json\/wp\/v2\/users\/2"}],"replies":[{"embeddable":true,"href":"https:\/\/www.csepelivaroskep.hu\/hirmondo\/wp-json\/wp\/v2\/comments?post=2652"}],"version-history":[{"count":1,"href":"https:\/\/www.csepelivaroskep.hu\/hirmondo\/wp-json\/wp\/v2\/posts\/2652\/revisions"}],"predecessor-version":[{"id":2653,"href":"https:\/\/www.csepelivaroskep.hu\/hirmondo\/wp-json\/wp\/v2\/posts\/2652\/revisions\/2653"}],"wp:featuredmedia":[{"embeddable":true,"href":"https:\/\/www.csepelivaroskep.hu\/hirmondo\/wp-json\/wp\/v2\/media\/2650"}],"wp:attachment":[{"href":"https:\/\/www.csepelivaroskep.hu\/hirmondo\/wp-json\/wp\/v2\/media?parent=2652"}],"wp:term":[{"taxonomy":"category","embeddable":true,"href":"https:\/\/www.csepelivaroskep.hu\/hirmondo\/wp-json\/wp\/v2\/categories?post=2652"},{"taxonomy":"post_tag","embeddable":true,"href":"https:\/\/www.csepelivaroskep.hu\/hirmondo\/wp-json\/wp\/v2\/tags?post=2652"}],"curies":[{"name":"wp","href":"https:\/\/api.w.org\/{rel}","templated":true}]}}