{"id":2655,"date":"2025-10-09T08:44:01","date_gmt":"2025-10-09T08:44:01","guid":{"rendered":"http:\/\/www.csepelivaroskep.hu\/hirmondo\/?p=2655"},"modified":"2025-10-09T08:50:13","modified_gmt":"2025-10-09T08:50:13","slug":"csepeli-hirmondo-xvi-19-szam","status":"publish","type":"post","link":"https:\/\/www.csepelivaroskep.hu\/hirmondo\/2025\/10\/09\/csepeli-hirmondo-xvi-19-szam\/","title":{"rendered":"Csepeli H\u00edrmond\u00f3 XVI.\/19.sz\u00e1m"},"content":{"rendered":"\n<p>Megjelent a Csepeli H\u00edrmond\u00f3 legfrissebb sz\u00e1ma. A tartalomb\u00f3l: Borb\u00e9ly L\u00e9n\u00e1rd polg\u00e1rmester: El\u0151r\u00e9bb tudtunk l\u00e9pni, Haj\u00f3kir\u00e1ndul\u00e1s az Id\u0151sek Vil\u00e1gnapj\u00e1n,  Nyolcvan\u00e9ves a Jedlik \u00c1nyos Gimn\u00e1zium,  \u00dajra egy\u00fctt a k\u00f3rh\u00e1zi csal\u00e1d,  Megnyitott a Csepeli \u00c1llatmened\u00e9k, Hungarikum Fesztiv\u00e1l a Kis-Duna-parton, Egy\u00fctt az Ar\u00e9n\u00e1ban &#8211; zumba, j\u00f3ga, aerobik., programaj\u00e1nl\u00f3, rejtv\u00e9ny. K\u00f6vetkez\u0151 sz\u00e1munk okt\u00f3ber 22-\u00e9n jelenik meg.<\/p>\n\n\n<a href=\"https:\/\/www.csepelivaroskep.hu\/hirmondo\/wp-content\/uploads\/sites\/7\/2025\/10\/CSH_358.pdf\" class=\"pdfemb-viewer\" style=\"\" data-width=\"max\" data-height=\"max\" data-mobile-width=\"0\"  data-scrollbar=\"none\" data-download=\"on\" data-tracking=\"on\" data-newwindow=\"on\" data-pagetextbox=\"off\" data-scrolltotop=\"off\" data-startzoom=\"100\" data-startfpzoom=\"100\" data-toolbar=\"both\" data-toolbar-fixed=\"on\">CSH_358<br\/><\/a>\n<p class=\"wp-block-pdfemb-pdf-embedder-viewer\"><\/p>\n","protected":false},"excerpt":{"rendered":"<p>Megjelent a Csepeli H\u00edrmond\u00f3 legfrissebb sz\u00e1ma. A tartalomb\u00f3l: Borb\u00e9ly L\u00e9n\u00e1rd polg\u00e1rmester: El\u0151r\u00e9bb tudtunk l\u00e9pni, Haj\u00f3kir\u00e1ndul\u00e1s az Id\u0151sek Vil\u00e1gnapj\u00e1n, Nyolcvan\u00e9ves a Jedlik \u00c1nyos Gimn\u00e1zium, \u00dajra egy\u00fctt a k\u00f3rh\u00e1zi csal\u00e1d, Megnyitott a Csepeli \u00c1llatmened\u00e9k, Hungarikum Fesztiv\u00e1l a Kis-Duna-parton, Egy\u00fctt az Ar\u00e9n\u00e1ban &#8211; zumba, j\u00f3ga, aerobik., programaj\u00e1nl\u00f3, rejtv\u00e9ny. K\u00f6vetkez\u0151 sz\u00e1munk okt\u00f3ber 22-\u00e9n jelenik meg.<\/p>\n","protected":false},"author":2,"featured_media":2659,"comment_status":"open","ping_status":"open","sticky":false,"template":"","format":"standard","meta":[],"categories":[9,12],"tags":[],"acf":[],"_links":{"self":[{"href":"https:\/\/www.csepelivaroskep.hu\/hirmondo\/wp-json\/wp\/v2\/posts\/2655"}],"collection":[{"href":"https:\/\/www.csepelivaroskep.hu\/hirmondo\/wp-json\/wp\/v2\/posts"}],"about":[{"href":"https:\/\/www.csepelivaroskep.hu\/hirmondo\/wp-json\/wp\/v2\/types\/post"}],"author":[{"embeddable":true,"href":"https:\/\/www.csepelivaroskep.hu\/hirmondo\/wp-json\/wp\/v2\/users\/2"}],"replies":[{"embeddable":true,"href":"https:\/\/www.csepelivaroskep.hu\/hirmondo\/wp-json\/wp\/v2\/comments?post=2655"}],"version-history":[{"count":3,"href":"https:\/\/www.csepelivaroskep.hu\/hirmondo\/wp-json\/wp\/v2\/posts\/2655\/revisions"}],"predecessor-version":[{"id":2660,"href":"https:\/\/www.csepelivaroskep.hu\/hirmondo\/wp-json\/wp\/v2\/posts\/2655\/revisions\/2660"}],"wp:featuredmedia":[{"embeddable":true,"href":"https:\/\/www.csepelivaroskep.hu\/hirmondo\/wp-json\/wp\/v2\/media\/2659"}],"wp:attachment":[{"href":"https:\/\/www.csepelivaroskep.hu\/hirmondo\/wp-json\/wp\/v2\/media?parent=2655"}],"wp:term":[{"taxonomy":"category","embeddable":true,"href":"https:\/\/www.csepelivaroskep.hu\/hirmondo\/wp-json\/wp\/v2\/categories?post=2655"},{"taxonomy":"post_tag","embeddable":true,"href":"https:\/\/www.csepelivaroskep.hu\/hirmondo\/wp-json\/wp\/v2\/tags?post=2655"}],"curies":[{"name":"wp","href":"https:\/\/api.w.org\/{rel}","templated":true}]}}