{"id":2667,"date":"2025-11-13T08:24:20","date_gmt":"2025-11-13T08:24:20","guid":{"rendered":"http:\/\/www.csepelivaroskep.hu\/hirmondo\/?p=2667"},"modified":"2025-11-13T08:24:22","modified_gmt":"2025-11-13T08:24:22","slug":"csepeli-hirmondo-xvi-21-szam","status":"publish","type":"post","link":"https:\/\/www.csepelivaroskep.hu\/hirmondo\/2025\/11\/13\/csepeli-hirmondo-xvi-21-szam\/","title":{"rendered":"Csepeli H\u00edrmond\u00f3 XVI.\/21.sz\u00e1m"},"content":{"rendered":"\n<p>Megjelent a Csepeli H\u00edrmond\u00f3 legfrissebb sz\u00e1ma. A tartalomb\u00f3l: \u00dcl\u00e9sezett a k\u00e9pvisel\u0151-test\u00fclet, \u00d6nkorm\u00e1nyzati b\u00e9rlak\u00e1sok: \u00faj hat\u00e1rid\u0151k a b\u00e9rleti jogviszony rendez\u00e9s\u00e9re, Megeml\u00e9kez\u00e9s, Csepel-\u00d6r\u00f6ks\u00e9g-D\u00edj, Esti kalandok a R\u00e1k\u00f3czi Kertben, Elindult a t\u00e9li szezon a strandon, Mikola P\u00e9ter vil\u00e1ga: zene, j\u00e1t\u00e9k, \u00e9nek, \u00edr\u00e1s, M\u00e1rton-napi vigass\u00e1g Csepelen, rejtv\u00e9ny, programaj\u00e1nl\u00f3. K\u00f6vetkez\u0151 sz\u00e1munk november 26-\u00e1n jelenik meg.<\/p>\n\n\n<a href=\"https:\/\/www.csepelivaroskep.hu\/hirmondo\/wp-content\/uploads\/sites\/7\/2025\/11\/CSH_360.pdf\" class=\"pdfemb-viewer\" style=\"\" data-width=\"max\" data-height=\"max\" data-mobile-width=\"0\"  data-scrollbar=\"none\" data-download=\"on\" data-tracking=\"on\" data-newwindow=\"on\" data-pagetextbox=\"off\" data-scrolltotop=\"off\" data-startzoom=\"100\" data-startfpzoom=\"100\" data-toolbar=\"both\" data-toolbar-fixed=\"on\">CSH_360<br\/><\/a>\n<p class=\"wp-block-pdfemb-pdf-embedder-viewer\"><\/p>\n","protected":false},"excerpt":{"rendered":"<p>Megjelent a Csepeli H\u00edrmond\u00f3 legfrissebb sz\u00e1ma. A tartalomb\u00f3l: \u00dcl\u00e9sezett a k\u00e9pvisel\u0151-test\u00fclet, \u00d6nkorm\u00e1nyzati b\u00e9rlak\u00e1sok: \u00faj hat\u00e1rid\u0151k a b\u00e9rleti jogviszony rendez\u00e9s\u00e9re, Megeml\u00e9kez\u00e9s, Csepel-\u00d6r\u00f6ks\u00e9g-D\u00edj, Esti kalandok a R\u00e1k\u00f3czi Kertben, Elindult a t\u00e9li szezon a strandon, Mikola P\u00e9ter vil\u00e1ga: zene, j\u00e1t\u00e9k, \u00e9nek, \u00edr\u00e1s, M\u00e1rton-napi vigass\u00e1g Csepelen, rejtv\u00e9ny, programaj\u00e1nl\u00f3. K\u00f6vetkez\u0151 sz\u00e1munk november 26-\u00e1n jelenik meg.<\/p>\n","protected":false},"author":2,"featured_media":2666,"comment_status":"open","ping_status":"open","sticky":false,"template":"","format":"standard","meta":[],"categories":[9,12],"tags":[],"acf":[],"_links":{"self":[{"href":"https:\/\/www.csepelivaroskep.hu\/hirmondo\/wp-json\/wp\/v2\/posts\/2667"}],"collection":[{"href":"https:\/\/www.csepelivaroskep.hu\/hirmondo\/wp-json\/wp\/v2\/posts"}],"about":[{"href":"https:\/\/www.csepelivaroskep.hu\/hirmondo\/wp-json\/wp\/v2\/types\/post"}],"author":[{"embeddable":true,"href":"https:\/\/www.csepelivaroskep.hu\/hirmondo\/wp-json\/wp\/v2\/users\/2"}],"replies":[{"embeddable":true,"href":"https:\/\/www.csepelivaroskep.hu\/hirmondo\/wp-json\/wp\/v2\/comments?post=2667"}],"version-history":[{"count":1,"href":"https:\/\/www.csepelivaroskep.hu\/hirmondo\/wp-json\/wp\/v2\/posts\/2667\/revisions"}],"predecessor-version":[{"id":2668,"href":"https:\/\/www.csepelivaroskep.hu\/hirmondo\/wp-json\/wp\/v2\/posts\/2667\/revisions\/2668"}],"wp:featuredmedia":[{"embeddable":true,"href":"https:\/\/www.csepelivaroskep.hu\/hirmondo\/wp-json\/wp\/v2\/media\/2666"}],"wp:attachment":[{"href":"https:\/\/www.csepelivaroskep.hu\/hirmondo\/wp-json\/wp\/v2\/media?parent=2667"}],"wp:term":[{"taxonomy":"category","embeddable":true,"href":"https:\/\/www.csepelivaroskep.hu\/hirmondo\/wp-json\/wp\/v2\/categories?post=2667"},{"taxonomy":"post_tag","embeddable":true,"href":"https:\/\/www.csepelivaroskep.hu\/hirmondo\/wp-json\/wp\/v2\/tags?post=2667"}],"curies":[{"name":"wp","href":"https:\/\/api.w.org\/{rel}","templated":true}]}}