{"id":2671,"date":"2025-11-27T08:36:08","date_gmt":"2025-11-27T08:36:08","guid":{"rendered":"http:\/\/www.csepelivaroskep.hu\/hirmondo\/?p=2671"},"modified":"2025-11-27T08:36:09","modified_gmt":"2025-11-27T08:36:09","slug":"csepeli-hirmondo-xvi-22-szam","status":"publish","type":"post","link":"https:\/\/www.csepelivaroskep.hu\/hirmondo\/2025\/11\/27\/csepeli-hirmondo-xvi-22-szam\/","title":{"rendered":"Csepeli H\u00edrmond\u00f3 XVI.\/22.sz\u00e1m"},"content":{"rendered":"\n<p>Megjelent a Csepeli H\u00edrmond\u00f3 legfrissebb sz\u00e1ma. A tartalomb\u00f3l: Megny\u00edlt a Csepeli J\u00e9gpark, K\u00f6sz\u00f6nt\u00f6tt\u00e9k a szoci\u00e1lis ter\u00fcleten dolgoz\u00f3kat, Id\u0151pontfoglal\u00e1s, e-beutal\u00f3 &#8211; mi a teend\u0151?, Csavard fel a sz\u0151nyeget, Kertv\u00e1rosi hangulat &#8211; k\u00e1v\u00e9, s\u00fctem\u00e9ny, k\u00f6z\u00f6ss\u00e9g, Kar\u00e1csony tudatosan,  \u00daj helysz\u00ednen a s\u00ediskola, programaj\u00e1nl\u00f3, rejtv\u00e9ny. Idei utols\u00f3 sz\u00e1munk december 17-\u00e9n jelenik meg.<\/p>\n\n\n<a href=\"https:\/\/www.csepelivaroskep.hu\/hirmondo\/wp-content\/uploads\/sites\/7\/2025\/11\/CSH_361.pdf\" class=\"pdfemb-viewer\" style=\"\" data-width=\"max\" data-height=\"max\" data-mobile-width=\"0\"  data-scrollbar=\"none\" data-download=\"on\" data-tracking=\"on\" data-newwindow=\"on\" data-pagetextbox=\"off\" data-scrolltotop=\"off\" data-startzoom=\"100\" data-startfpzoom=\"100\" data-toolbar=\"both\" data-toolbar-fixed=\"on\">CSH_361<br\/><\/a>\n<p class=\"wp-block-pdfemb-pdf-embedder-viewer\"><\/p>\n","protected":false},"excerpt":{"rendered":"<p>Megjelent a Csepeli H\u00edrmond\u00f3 legfrissebb sz\u00e1ma. A tartalomb\u00f3l: Megny\u00edlt a Csepeli J\u00e9gpark, K\u00f6sz\u00f6nt\u00f6tt\u00e9k a szoci\u00e1lis ter\u00fcleten dolgoz\u00f3kat, Id\u0151pontfoglal\u00e1s, e-beutal\u00f3 &#8211; mi a teend\u0151?, Csavard fel a sz\u0151nyeget, Kertv\u00e1rosi hangulat &#8211; k\u00e1v\u00e9, s\u00fctem\u00e9ny, k\u00f6z\u00f6ss\u00e9g, Kar\u00e1csony tudatosan, \u00daj helysz\u00ednen a s\u00ediskola, programaj\u00e1nl\u00f3, rejtv\u00e9ny. Idei utols\u00f3 sz\u00e1munk december 17-\u00e9n jelenik meg.<\/p>\n","protected":false},"author":2,"featured_media":2670,"comment_status":"open","ping_status":"open","sticky":false,"template":"","format":"standard","meta":[],"categories":[9,12],"tags":[],"acf":[],"_links":{"self":[{"href":"https:\/\/www.csepelivaroskep.hu\/hirmondo\/wp-json\/wp\/v2\/posts\/2671"}],"collection":[{"href":"https:\/\/www.csepelivaroskep.hu\/hirmondo\/wp-json\/wp\/v2\/posts"}],"about":[{"href":"https:\/\/www.csepelivaroskep.hu\/hirmondo\/wp-json\/wp\/v2\/types\/post"}],"author":[{"embeddable":true,"href":"https:\/\/www.csepelivaroskep.hu\/hirmondo\/wp-json\/wp\/v2\/users\/2"}],"replies":[{"embeddable":true,"href":"https:\/\/www.csepelivaroskep.hu\/hirmondo\/wp-json\/wp\/v2\/comments?post=2671"}],"version-history":[{"count":1,"href":"https:\/\/www.csepelivaroskep.hu\/hirmondo\/wp-json\/wp\/v2\/posts\/2671\/revisions"}],"predecessor-version":[{"id":2672,"href":"https:\/\/www.csepelivaroskep.hu\/hirmondo\/wp-json\/wp\/v2\/posts\/2671\/revisions\/2672"}],"wp:featuredmedia":[{"embeddable":true,"href":"https:\/\/www.csepelivaroskep.hu\/hirmondo\/wp-json\/wp\/v2\/media\/2670"}],"wp:attachment":[{"href":"https:\/\/www.csepelivaroskep.hu\/hirmondo\/wp-json\/wp\/v2\/media?parent=2671"}],"wp:term":[{"taxonomy":"category","embeddable":true,"href":"https:\/\/www.csepelivaroskep.hu\/hirmondo\/wp-json\/wp\/v2\/categories?post=2671"},{"taxonomy":"post_tag","embeddable":true,"href":"https:\/\/www.csepelivaroskep.hu\/hirmondo\/wp-json\/wp\/v2\/tags?post=2671"}],"curies":[{"name":"wp","href":"https:\/\/api.w.org\/{rel}","templated":true}]}}