{"id":2695,"date":"2026-01-15T08:36:10","date_gmt":"2026-01-15T08:36:10","guid":{"rendered":"http:\/\/www.csepelivaroskep.hu\/hirmondo\/?p=2695"},"modified":"2026-01-15T08:36:38","modified_gmt":"2026-01-15T08:36:38","slug":"csepeli-hirmondo-xvii-1-szam","status":"publish","type":"post","link":"https:\/\/www.csepelivaroskep.hu\/hirmondo\/2026\/01\/15\/csepeli-hirmondo-xvii-1-szam\/","title":{"rendered":"Csepeli H\u00edrmond\u00f3 XVII.\/1.sz\u00e1m"},"content":{"rendered":"\n<p>Megjelent a Csepeli H\u00edrmond\u00f3 idei els\u0151 sz\u00e1ma. A tartalomb\u00f3l: Piaci alap\u00fa \u00f6nkorm\u00e1nyzati b\u00e9rlak\u00e1sok: Fontos tudnival\u00f3k a p\u00e1ly\u00e1zatr\u00f3l, Febru\u00e1rban lesz lomtalan\u00edt\u00e1s Csepelen, T\u00e1mogat\u00e1sok Csepelnek, ki\u00e1ll\u00e1s a csepeliek\u00e9rt, \u00daj\u00e9vi koncert a Munk\u00e1sotthonban, Farsangi id\u0151szak: b\u00e1lok, mulats\u00e1gok, \u00dajra vil\u00e1gg\u00e1 ment Female Yeti, Ir\u00e1ny a Forma-1!, rejtv\u00e9ny, programaj\u00e1nl\u00f3.<\/p>\n\n\n\n<p>K\u00f6vetkez\u0151 sz\u00e1munk janu\u00e1r 28-\u00e1n jelenik meg!<\/p>\n\n\n<a href=\"https:\/\/www.csepelivaroskep.hu\/hirmondo\/wp-content\/uploads\/sites\/7\/2026\/01\/CSH_363.pdf\" class=\"pdfemb-viewer\" style=\"\" data-width=\"max\" data-height=\"max\" data-mobile-width=\"0\"  data-scrollbar=\"none\" data-download=\"on\" data-tracking=\"on\" data-newwindow=\"on\" data-pagetextbox=\"off\" data-scrolltotop=\"off\" data-startzoom=\"100\" data-startfpzoom=\"100\" data-toolbar=\"both\" data-toolbar-fixed=\"on\">CSH_363<br\/><\/a>\n<p class=\"wp-block-pdfemb-pdf-embedder-viewer\"><\/p>\n\n\n\n<p><\/p>\n","protected":false},"excerpt":{"rendered":"<p>Megjelent a Csepeli H\u00edrmond\u00f3 idei els\u0151 sz\u00e1ma. A tartalomb\u00f3l: Piaci alap\u00fa \u00f6nkorm\u00e1nyzati b\u00e9rlak\u00e1sok: Fontos tudnival\u00f3k a p\u00e1ly\u00e1zatr\u00f3l, Febru\u00e1rban lesz lomtalan\u00edt\u00e1s Csepelen, T\u00e1mogat\u00e1sok Csepelnek, ki\u00e1ll\u00e1s a csepeliek\u00e9rt, \u00daj\u00e9vi koncert a Munk\u00e1sotthonban, Farsangi id\u0151szak: b\u00e1lok, mulats\u00e1gok, \u00dajra vil\u00e1gg\u00e1 ment Female Yeti, Ir\u00e1ny a Forma-1!, rejtv\u00e9ny, programaj\u00e1nl\u00f3. K\u00f6vetkez\u0151 sz\u00e1munk janu\u00e1r 28-\u00e1n jelenik meg!<\/p>\n","protected":false},"author":2,"featured_media":2694,"comment_status":"open","ping_status":"open","sticky":false,"template":"","format":"standard","meta":[],"categories":[9,12],"tags":[],"acf":[],"_links":{"self":[{"href":"https:\/\/www.csepelivaroskep.hu\/hirmondo\/wp-json\/wp\/v2\/posts\/2695"}],"collection":[{"href":"https:\/\/www.csepelivaroskep.hu\/hirmondo\/wp-json\/wp\/v2\/posts"}],"about":[{"href":"https:\/\/www.csepelivaroskep.hu\/hirmondo\/wp-json\/wp\/v2\/types\/post"}],"author":[{"embeddable":true,"href":"https:\/\/www.csepelivaroskep.hu\/hirmondo\/wp-json\/wp\/v2\/users\/2"}],"replies":[{"embeddable":true,"href":"https:\/\/www.csepelivaroskep.hu\/hirmondo\/wp-json\/wp\/v2\/comments?post=2695"}],"version-history":[{"count":2,"href":"https:\/\/www.csepelivaroskep.hu\/hirmondo\/wp-json\/wp\/v2\/posts\/2695\/revisions"}],"predecessor-version":[{"id":2697,"href":"https:\/\/www.csepelivaroskep.hu\/hirmondo\/wp-json\/wp\/v2\/posts\/2695\/revisions\/2697"}],"wp:featuredmedia":[{"embeddable":true,"href":"https:\/\/www.csepelivaroskep.hu\/hirmondo\/wp-json\/wp\/v2\/media\/2694"}],"wp:attachment":[{"href":"https:\/\/www.csepelivaroskep.hu\/hirmondo\/wp-json\/wp\/v2\/media?parent=2695"}],"wp:term":[{"taxonomy":"category","embeddable":true,"href":"https:\/\/www.csepelivaroskep.hu\/hirmondo\/wp-json\/wp\/v2\/categories?post=2695"},{"taxonomy":"post_tag","embeddable":true,"href":"https:\/\/www.csepelivaroskep.hu\/hirmondo\/wp-json\/wp\/v2\/tags?post=2695"}],"curies":[{"name":"wp","href":"https:\/\/api.w.org\/{rel}","templated":true}]}}