{"id":2704,"date":"2026-02-12T08:54:43","date_gmt":"2026-02-12T08:54:43","guid":{"rendered":"http:\/\/www.csepelivaroskep.hu\/hirmondo\/?p=2704"},"modified":"2026-02-12T08:54:45","modified_gmt":"2026-02-12T08:54:45","slug":"csepeli-hirmondo-xvii-3-szam","status":"publish","type":"post","link":"https:\/\/www.csepelivaroskep.hu\/hirmondo\/2026\/02\/12\/csepeli-hirmondo-xvii-3-szam\/","title":{"rendered":"Csepeli H\u00edrmond\u00f3 XVII.\/3.sz\u00e1m"},"content":{"rendered":"\n<p>Megjelent a Csepeli H\u00edrmond\u00f3 legfrissebb sz\u00e1ma. A tartalomb\u00f3l: Sv\u00e1b b\u00e1l: Zene, t\u00e1nc, mulats\u00e1g, Lez\u00e1rult a p\u00e1ly\u00e1zat, \u00d6r\u00f6kk\u00f6n \u00f6r\u00f6kk\u00e9, Adom\u00e1nyok a Seg\u00edts\u00e9g K\u00f6ve Alap\u00edtv\u00e1nyt\u00f3l, R\u00e9gi id\u0151k diszn\u00f3tora, Kih\u00edv\u00e1s a k\u00f6nyvt\u00e1rban, Az \u00f6ttusa \u00fcnnepe, Hogyan k\u00e9sz\u00fclt az Egy aranykor kezdete c\u00edm\u0171 film?, Seg\u00edt\u0151 kortyok, Vil\u00e1gj\u00e1r\u00e1s a nyugd\u00edjash\u00e1zban, rejtv\u00e9ny, programaj\u00e1nl\u00f3. Legk\u00f6zelebbi sz\u00e1munk febru\u00e1r 25-\u00e9n jelenik meg.<\/p>\n\n\n<a href=\"https:\/\/www.csepelivaroskep.hu\/hirmondo\/wp-content\/uploads\/sites\/7\/2026\/02\/CSH_365.pdf\" class=\"pdfemb-viewer\" style=\"\" data-width=\"max\" data-height=\"max\" data-mobile-width=\"0\"  data-scrollbar=\"none\" data-download=\"on\" data-tracking=\"on\" data-newwindow=\"on\" data-pagetextbox=\"off\" data-scrolltotop=\"off\" data-startzoom=\"100\" data-startfpzoom=\"100\" data-toolbar=\"both\" data-toolbar-fixed=\"on\">CSH_365<br\/><\/a>\n<p class=\"wp-block-pdfemb-pdf-embedder-viewer\"><\/p>\n","protected":false},"excerpt":{"rendered":"<p>Megjelent a Csepeli H\u00edrmond\u00f3 legfrissebb sz\u00e1ma. A tartalomb\u00f3l: Sv\u00e1b b\u00e1l: Zene, t\u00e1nc, mulats\u00e1g, Lez\u00e1rult a p\u00e1ly\u00e1zat, \u00d6r\u00f6kk\u00f6n \u00f6r\u00f6kk\u00e9, Adom\u00e1nyok a Seg\u00edts\u00e9g K\u00f6ve Alap\u00edtv\u00e1nyt\u00f3l, R\u00e9gi id\u0151k diszn\u00f3tora, Kih\u00edv\u00e1s a k\u00f6nyvt\u00e1rban, Az \u00f6ttusa \u00fcnnepe, Hogyan k\u00e9sz\u00fclt az Egy aranykor kezdete c\u00edm\u0171 film?, Seg\u00edt\u0151 kortyok, Vil\u00e1gj\u00e1r\u00e1s a nyugd\u00edjash\u00e1zban, rejtv\u00e9ny, programaj\u00e1nl\u00f3. Legk\u00f6zelebbi sz\u00e1munk febru\u00e1r 25-\u00e9n jelenik meg.<\/p>\n","protected":false},"author":2,"featured_media":2703,"comment_status":"open","ping_status":"open","sticky":false,"template":"","format":"standard","meta":[],"categories":[9,12],"tags":[],"acf":[],"_links":{"self":[{"href":"https:\/\/www.csepelivaroskep.hu\/hirmondo\/wp-json\/wp\/v2\/posts\/2704"}],"collection":[{"href":"https:\/\/www.csepelivaroskep.hu\/hirmondo\/wp-json\/wp\/v2\/posts"}],"about":[{"href":"https:\/\/www.csepelivaroskep.hu\/hirmondo\/wp-json\/wp\/v2\/types\/post"}],"author":[{"embeddable":true,"href":"https:\/\/www.csepelivaroskep.hu\/hirmondo\/wp-json\/wp\/v2\/users\/2"}],"replies":[{"embeddable":true,"href":"https:\/\/www.csepelivaroskep.hu\/hirmondo\/wp-json\/wp\/v2\/comments?post=2704"}],"version-history":[{"count":1,"href":"https:\/\/www.csepelivaroskep.hu\/hirmondo\/wp-json\/wp\/v2\/posts\/2704\/revisions"}],"predecessor-version":[{"id":2705,"href":"https:\/\/www.csepelivaroskep.hu\/hirmondo\/wp-json\/wp\/v2\/posts\/2704\/revisions\/2705"}],"wp:featuredmedia":[{"embeddable":true,"href":"https:\/\/www.csepelivaroskep.hu\/hirmondo\/wp-json\/wp\/v2\/media\/2703"}],"wp:attachment":[{"href":"https:\/\/www.csepelivaroskep.hu\/hirmondo\/wp-json\/wp\/v2\/media?parent=2704"}],"wp:term":[{"taxonomy":"category","embeddable":true,"href":"https:\/\/www.csepelivaroskep.hu\/hirmondo\/wp-json\/wp\/v2\/categories?post=2704"},{"taxonomy":"post_tag","embeddable":true,"href":"https:\/\/www.csepelivaroskep.hu\/hirmondo\/wp-json\/wp\/v2\/tags?post=2704"}],"curies":[{"name":"wp","href":"https:\/\/api.w.org\/{rel}","templated":true}]}}