{"id":2708,"date":"2026-02-26T08:39:02","date_gmt":"2026-02-26T08:39:02","guid":{"rendered":"http:\/\/www.csepelivaroskep.hu\/hirmondo\/?p=2708"},"modified":"2026-02-26T08:39:04","modified_gmt":"2026-02-26T08:39:04","slug":"csepeli-hirmondo-xvii-4-szam","status":"publish","type":"post","link":"https:\/\/www.csepelivaroskep.hu\/hirmondo\/2026\/02\/26\/csepeli-hirmondo-xvii-4-szam\/","title":{"rendered":"Csepeli H\u00edrmond\u00f3 XVII.\/4.sz\u00e1m"},"content":{"rendered":"\n<p>Megjelent a Csepeli H\u00edrmond\u00f3 legfrissebb sz\u00e1ma. A tartalomb\u00f3l: A Csepel M\u0171vek Magyarorsz\u00e1g nemzetgazdas\u00e1gi tartal\u00e9ka, Orsz\u00e1ggy\u0171l\u00e9si v\u00e1laszt\u00e1s 2026,Fel\u00faj\u00edt\u00e1sok orvosi rendel\u0151kben, Elhivatottan a betegek\u00e9rt, Vir\u00e1g, aj\u00e1nd\u00e9k, figyelem, F\u00f6ld\u00f6nt\u00fali el\u0151ad\u00e1s Kapu Tibort\u00f3l, T\u00e9ltemet\u00e9s, h\u00e1zias \u00edzek, csal\u00e1di programok, Deimer Anna orsz\u00e1gos bajnok, programaj\u00e1nl\u00f3, rejtv\u00e9ny. Legk\u00f6zelebbi sz\u00e1munk m\u00e1rcius 11-\u00e9n jelenik meg.<\/p>\n\n\n<a href=\"https:\/\/www.csepelivaroskep.hu\/hirmondo\/wp-content\/uploads\/sites\/7\/2026\/02\/CSH_366.pdf\" class=\"pdfemb-viewer\" style=\"\" data-width=\"max\" data-height=\"max\" data-mobile-width=\"0\"  data-scrollbar=\"none\" data-download=\"on\" data-tracking=\"on\" data-newwindow=\"on\" data-pagetextbox=\"off\" data-scrolltotop=\"off\" data-startzoom=\"100\" data-startfpzoom=\"100\" data-toolbar=\"both\" data-toolbar-fixed=\"on\">CSH_366<br\/><\/a>\n<p class=\"wp-block-pdfemb-pdf-embedder-viewer\"><\/p>\n","protected":false},"excerpt":{"rendered":"<p>Megjelent a Csepeli H\u00edrmond\u00f3 legfrissebb sz\u00e1ma. A tartalomb\u00f3l: A Csepel M\u0171vek Magyarorsz\u00e1g nemzetgazdas\u00e1gi tartal\u00e9ka, Orsz\u00e1ggy\u0171l\u00e9si v\u00e1laszt\u00e1s 2026,Fel\u00faj\u00edt\u00e1sok orvosi rendel\u0151kben, Elhivatottan a betegek\u00e9rt, Vir\u00e1g, aj\u00e1nd\u00e9k, figyelem, F\u00f6ld\u00f6nt\u00fali el\u0151ad\u00e1s Kapu Tibort\u00f3l, T\u00e9ltemet\u00e9s, h\u00e1zias \u00edzek, csal\u00e1di programok, Deimer Anna orsz\u00e1gos bajnok, programaj\u00e1nl\u00f3, rejtv\u00e9ny. Legk\u00f6zelebbi sz\u00e1munk m\u00e1rcius 11-\u00e9n jelenik meg.<\/p>\n","protected":false},"author":2,"featured_media":2706,"comment_status":"open","ping_status":"open","sticky":false,"template":"","format":"standard","meta":[],"categories":[9,12],"tags":[182],"acf":[],"_links":{"self":[{"href":"https:\/\/www.csepelivaroskep.hu\/hirmondo\/wp-json\/wp\/v2\/posts\/2708"}],"collection":[{"href":"https:\/\/www.csepelivaroskep.hu\/hirmondo\/wp-json\/wp\/v2\/posts"}],"about":[{"href":"https:\/\/www.csepelivaroskep.hu\/hirmondo\/wp-json\/wp\/v2\/types\/post"}],"author":[{"embeddable":true,"href":"https:\/\/www.csepelivaroskep.hu\/hirmondo\/wp-json\/wp\/v2\/users\/2"}],"replies":[{"embeddable":true,"href":"https:\/\/www.csepelivaroskep.hu\/hirmondo\/wp-json\/wp\/v2\/comments?post=2708"}],"version-history":[{"count":1,"href":"https:\/\/www.csepelivaroskep.hu\/hirmondo\/wp-json\/wp\/v2\/posts\/2708\/revisions"}],"predecessor-version":[{"id":2709,"href":"https:\/\/www.csepelivaroskep.hu\/hirmondo\/wp-json\/wp\/v2\/posts\/2708\/revisions\/2709"}],"wp:featuredmedia":[{"embeddable":true,"href":"https:\/\/www.csepelivaroskep.hu\/hirmondo\/wp-json\/wp\/v2\/media\/2706"}],"wp:attachment":[{"href":"https:\/\/www.csepelivaroskep.hu\/hirmondo\/wp-json\/wp\/v2\/media?parent=2708"}],"wp:term":[{"taxonomy":"category","embeddable":true,"href":"https:\/\/www.csepelivaroskep.hu\/hirmondo\/wp-json\/wp\/v2\/categories?post=2708"},{"taxonomy":"post_tag","embeddable":true,"href":"https:\/\/www.csepelivaroskep.hu\/hirmondo\/wp-json\/wp\/v2\/tags?post=2708"}],"curies":[{"name":"wp","href":"https:\/\/api.w.org\/{rel}","templated":true}]}}