{"id":765,"date":"2018-09-20T07:18:32","date_gmt":"2018-09-20T07:18:32","guid":{"rendered":"http:\/\/www.csepelivaroskep.hu\/hirmondo\/?p=765"},"modified":"2018-09-20T07:23:10","modified_gmt":"2018-09-20T07:23:10","slug":"csepeli-hirmondo-ix-24-szam","status":"publish","type":"post","link":"https:\/\/www.csepelivaroskep.hu\/hirmondo\/2018\/09\/20\/csepeli-hirmondo-ix-24-szam\/","title":{"rendered":"Csepeli H\u00edrmond\u00f3 IX\/24.sz\u00e1m"},"content":{"rendered":"<p>Megjelent a Csepeli H\u00edrmond\u00f3 leg\u00fajabb sz\u00e1ma. A tartalomb\u00f3l: Hat \u00f3voda \u00fajul meg \u00e9v v\u00e9g\u00e9ig, Interj\u00fa Laurencz L\u00e1szl\u00f3val a magyar n\u0151i k\u00e9zilabda v\u00e1logatott vil\u00e1gbajnoki ez\u00fcst- \u00e9s olimpiai bronz\u00e9rmet nyert csapat\u00e1nak vetet\u0151j\u00e9vel. A besz\u00e9lget\u00e9sben sz\u00f3 esik k\u00e9zilabd\u00e1r\u00f3l, edz\u0151i feladatokr\u00f3l, az \u00e9p\u00fcl\u0151 csepeli csarnokr\u00f3l. K\u00e9pes besz\u00e1mol\u00f3 a csal\u00e1di haj\u00f3kir\u00e1ndul\u00e1sr\u00f3l, h\u00edrek a ker\u00fcleti iskol\u00e1kb\u00f3l. Sport, csepeli programok, rejtv\u00e9ny.<\/p>\n<a href=\"https:\/\/www.csepelivaroskep.hu\/hirmondo\/wp-content\/uploads\/sites\/7\/2018\/09\/CSH_180.pdf\" class=\"pdfemb-viewer\" style=\"\" data-width=\"max\" data-height=\"max\" data-mobile-width=\"0\"  data-scrollbar=\"none\" data-download=\"on\" data-tracking=\"on\" data-newwindow=\"on\" data-pagetextbox=\"off\" data-scrolltotop=\"off\" data-startzoom=\"100\" data-startfpzoom=\"100\" data-toolbar=\"both\" data-toolbar-fixed=\"on\">CSH_180<br\/><\/a>\n","protected":false},"excerpt":{"rendered":"<p>Megjelent a Csepeli H\u00edrmond\u00f3 leg\u00fajabb sz\u00e1ma. A tartalomb\u00f3l: Hat \u00f3voda \u00fajul meg \u00e9v v\u00e9g\u00e9ig, Interj\u00fa Laurencz L\u00e1szl\u00f3val a magyar n\u0151i k\u00e9zilabda v\u00e1logatott vil\u00e1gbajnoki ez\u00fcst- \u00e9s olimpiai bronz\u00e9rmet nyert csapat\u00e1nak vetet\u0151j\u00e9vel. A besz\u00e9lget\u00e9sben sz\u00f3 esik k\u00e9zilabd\u00e1r\u00f3l, edz\u0151i feladatokr\u00f3l, az \u00e9p\u00fcl\u0151 csepeli csarnokr\u00f3l. K\u00e9pes besz\u00e1mol\u00f3 a csal\u00e1di haj\u00f3kir\u00e1ndul\u00e1sr\u00f3l, h\u00edrek a ker\u00fcleti iskol\u00e1kb\u00f3l. Sport, csepeli programok, rejtv\u00e9ny.<\/p>\n","protected":false},"author":8,"featured_media":766,"comment_status":"open","ping_status":"open","sticky":false,"template":"","format":"standard","meta":[],"categories":[9,12],"tags":[21,18,13,14,19,16,17,23,22,15,20],"acf":[],"_links":{"self":[{"href":"https:\/\/www.csepelivaroskep.hu\/hirmondo\/wp-json\/wp\/v2\/posts\/765"}],"collection":[{"href":"https:\/\/www.csepelivaroskep.hu\/hirmondo\/wp-json\/wp\/v2\/posts"}],"about":[{"href":"https:\/\/www.csepelivaroskep.hu\/hirmondo\/wp-json\/wp\/v2\/types\/post"}],"author":[{"embeddable":true,"href":"https:\/\/www.csepelivaroskep.hu\/hirmondo\/wp-json\/wp\/v2\/users\/8"}],"replies":[{"embeddable":true,"href":"https:\/\/www.csepelivaroskep.hu\/hirmondo\/wp-json\/wp\/v2\/comments?post=765"}],"version-history":[{"count":6,"href":"https:\/\/www.csepelivaroskep.hu\/hirmondo\/wp-json\/wp\/v2\/posts\/765\/revisions"}],"predecessor-version":[{"id":772,"href":"https:\/\/www.csepelivaroskep.hu\/hirmondo\/wp-json\/wp\/v2\/posts\/765\/revisions\/772"}],"wp:featuredmedia":[{"embeddable":true,"href":"https:\/\/www.csepelivaroskep.hu\/hirmondo\/wp-json\/wp\/v2\/media\/766"}],"wp:attachment":[{"href":"https:\/\/www.csepelivaroskep.hu\/hirmondo\/wp-json\/wp\/v2\/media?parent=765"}],"wp:term":[{"taxonomy":"category","embeddable":true,"href":"https:\/\/www.csepelivaroskep.hu\/hirmondo\/wp-json\/wp\/v2\/categories?post=765"},{"taxonomy":"post_tag","embeddable":true,"href":"https:\/\/www.csepelivaroskep.hu\/hirmondo\/wp-json\/wp\/v2\/tags?post=765"}],"curies":[{"name":"wp","href":"https:\/\/api.w.org\/{rel}","templated":true}]}}