{"id":792,"date":"2018-10-08T09:21:51","date_gmt":"2018-10-08T09:21:51","guid":{"rendered":"http:\/\/www.csepelivaroskep.hu\/hirmondo\/?p=792"},"modified":"2018-10-11T09:18:14","modified_gmt":"2018-10-11T09:18:14","slug":"sikeresen-szerepeltek-a-kontinensbajnoksagon-a-csepeli-buvarok","status":"publish","type":"post","link":"https:\/\/www.csepelivaroskep.hu\/hirmondo\/2018\/10\/08\/sikeresen-szerepeltek-a-kontinensbajnoksagon-a-csepeli-buvarok\/","title":{"rendered":"Sikeresen szerepeltek a kontinensbajnoks\u00e1gon a csepeli b\u00fav\u00e1rok"},"content":{"rendered":"<p>Nagyszer\u0171 eredm\u00e9nnyel z\u00e1rta a Csepel Barakuda B\u00fav\u00e1r SE az augusztus 25. \u00e9s szeptember 2. k\u00f6z\u00f6tt Gy\u00e9k\u00e9nyesen megrendezett Feln\u0151tt \u00e9s Junior T\u00e1j\u00e9koz\u00f3d\u00e1si B\u00fav\u00e1r\u00fasz\u00f3 Eur\u00f3pa- bajnoks\u00e1got. A csepeli sportklubot W\u00e1gner Zs\u00f3fia, Sz\u00e1sz Tam\u00e1s, V\u00e1rszegi Vendel, M\u00e1jer Zs\u00f3fia \u00e9s Hofmeister Al\u00edz k\u00e9pviselte az egyhetes kontinensviadalon. \u00a0A versenyen 12 orsz\u00e1g junior \u00e9s feln\u0151tt versenyz\u0151i \u00e1lltak rajthoz. A magyar csapat egyik legeredm\u00e9nyesebb sportol\u00f3ja Sz\u00e1sz Tam\u00e1s lett, aki junior koroszt\u00e1lyban h\u00e1romszor l\u00e9phetett a dobog\u00f3 legfels\u0151 fok\u00e1ra. Csillag, 5 b\u00f3ja \u00e9s szlalom sz\u00e1mban Eur\u00f3pa-bajnok lett,\u00a0 a paralel versenyben pedig ez\u00fcst\u00e9rmet szerzett. Ez ut\u00f3bbi sz\u00e1mban V\u00e1rszegi Vendel harmadik helyezett lett, szlalomban pedig egy ez\u00fcst\u00e9remmel gazdagodott. A v\u00e1logatott csoportos versenysz\u00e1mokban is sikeresen szerepelt. M\u00edg a W\u00e1gner Zs\u00f3fia \u00e9s Hath\u00e1zi Katalin p\u00e1ros Eur\u00f3pa-bajnok lett monk gyakorlatban, addig a n\u0151i csapat (W\u00e1gner Zs\u00f3fia, Hath\u00e1zi Katalin, Hoffmeister Al\u00edz, Berekm\u00e9ri D\u00f3ra) csoportos tev\u00e9kenys\u00e9g versenysz\u00e1mban t\u00e9rhetett haza bronz\u00e9remmel. \u00a0A dobog\u00f3s eredm\u00e9nyek mellett sz\u00e1mos pontszerz\u0151 hely is sz\u00fcletett. A versenyszezon az Eb-vel lez\u00e1rult, de j\u00f6v\u0151re \u00fajabb megm\u00e9rettet\u00e9sek v\u00e1rnak a csapatra. 2019. j\u00fanius\u00e1ban ism\u00e9t megrendezik a Csepel Kup\u00e1t, majd Als\u00f3n\u00e9medin a Vil\u00e1gkupa futamot, de nem maradhat el a Gy\u00e9k\u00e9nyesen szervezett orsz\u00e1gos bajnoks\u00e1g sem. A ny\u00e1r v\u00e9g\u00e9n pedig egy \u00fajabb Eur\u00f3pa-bajnoks\u00e1gon bizony\u00edthatnak a csepeli versenyz\u0151k.<\/p>\n<p>&nbsp;<\/p>\n","protected":false},"excerpt":{"rendered":"<p>Nagyszer\u0171 eredm\u00e9nnyel z\u00e1rta a Csepel Barakuda B\u00fav\u00e1r SE az augusztus 25. \u00e9s szeptember 2. k\u00f6z\u00f6tt Gy\u00e9k\u00e9nyesen megrendezett Feln\u0151tt \u00e9s Junior T\u00e1j\u00e9koz\u00f3d\u00e1si B\u00fav\u00e1r\u00fasz\u00f3 Eur\u00f3pa- bajnoks\u00e1got. A csepeli sportklubot W\u00e1gner Zs\u00f3fia, Sz\u00e1sz Tam\u00e1s, V\u00e1rszegi Vendel, M\u00e1jer Zs\u00f3fia \u00e9s Hofmeister Al\u00edz k\u00e9pviselte az egyhetes kontinensviadalon. \u00a0A versenyen 12 orsz\u00e1g junior \u00e9s feln\u0151tt versenyz\u0151i \u00e1lltak rajthoz. A magyar csapat [&hellip;]<\/p>\n","protected":false},"author":8,"featured_media":785,"comment_status":"open","ping_status":"open","sticky":false,"template":"","format":"standard","meta":[],"categories":[7],"tags":[21,37,36],"acf":[],"_links":{"self":[{"href":"https:\/\/www.csepelivaroskep.hu\/hirmondo\/wp-json\/wp\/v2\/posts\/792"}],"collection":[{"href":"https:\/\/www.csepelivaroskep.hu\/hirmondo\/wp-json\/wp\/v2\/posts"}],"about":[{"href":"https:\/\/www.csepelivaroskep.hu\/hirmondo\/wp-json\/wp\/v2\/types\/post"}],"author":[{"embeddable":true,"href":"https:\/\/www.csepelivaroskep.hu\/hirmondo\/wp-json\/wp\/v2\/users\/8"}],"replies":[{"embeddable":true,"href":"https:\/\/www.csepelivaroskep.hu\/hirmondo\/wp-json\/wp\/v2\/comments?post=792"}],"version-history":[{"count":2,"href":"https:\/\/www.csepelivaroskep.hu\/hirmondo\/wp-json\/wp\/v2\/posts\/792\/revisions"}],"predecessor-version":[{"id":832,"href":"https:\/\/www.csepelivaroskep.hu\/hirmondo\/wp-json\/wp\/v2\/posts\/792\/revisions\/832"}],"wp:featuredmedia":[{"embeddable":true,"href":"https:\/\/www.csepelivaroskep.hu\/hirmondo\/wp-json\/wp\/v2\/media\/785"}],"wp:attachment":[{"href":"https:\/\/www.csepelivaroskep.hu\/hirmondo\/wp-json\/wp\/v2\/media?parent=792"}],"wp:term":[{"taxonomy":"category","embeddable":true,"href":"https:\/\/www.csepelivaroskep.hu\/hirmondo\/wp-json\/wp\/v2\/categories?post=792"},{"taxonomy":"post_tag","embeddable":true,"href":"https:\/\/www.csepelivaroskep.hu\/hirmondo\/wp-json\/wp\/v2\/tags?post=792"}],"curies":[{"name":"wp","href":"https:\/\/api.w.org\/{rel}","templated":true}]}}