{"id":822,"date":"2018-10-11T09:00:39","date_gmt":"2018-10-11T09:00:39","guid":{"rendered":"http:\/\/www.csepelivaroskep.hu\/hirmondo\/?p=822"},"modified":"2018-10-11T12:36:15","modified_gmt":"2018-10-11T12:36:15","slug":"uj-helyszinen-a-daru-dombon-rendeztek-meg-a-fut-a-csepel-futoversenyt-es-sportagvalasztot-amelyen-2300-an-alltak-rajthoz","status":"publish","type":"post","link":"https:\/\/www.csepelivaroskep.hu\/hirmondo\/2018\/10\/11\/uj-helyszinen-a-daru-dombon-rendeztek-meg-a-fut-a-csepel-futoversenyt-es-sportagvalasztot-amelyen-2300-an-alltak-rajthoz\/","title":{"rendered":"A Daru-dombon rendezt\u00e9k meg a Fut a Csepelt"},"content":{"rendered":"<div class=\"itemIntroText\">\n<p>\u00daj helysz\u00ednen, a Daru-dombon rendezt\u00e9k meg a Fut a Csepel Fut\u00f3versenyt \u00e9s Sport\u00e1gv\u00e1laszt\u00f3t, amelyen 2300-an \u00e1lltak rajthoz.<\/p>\n<\/div>\n<div class=\"itemFullText\">\n<p>A 39. Fut a Csepel ez\u00fattal nem a belv\u00e1rosban, hanem a Daru-dombon v\u00e1rta a mozogni v\u00e1gy\u00f3kat. A Csepeli \u00d6nkorm\u00e1nyzat \u00e9s a Csepeli \u00d6ttusa \u00e9s V\u00edzi Sport Egyes\u00fclet k\u00f6z\u00f6s rendezv\u00e9ny\u00e9n az 1200 m\u00e9teres t\u00e1von az 1-4. oszt\u00e1lyosok \u00e1lltak rajthoz, a 3300 m\u00e9teres futamon pedig kort\u00f3l f\u00fcggetlen\u00fcl b\u00e1rki indulhatott. Az 1200 m\u00e9teres t\u00e1vot Morovik Attila alpolg\u00e1rmester, a 3300 m\u00e9tereset pedig Szil\u00e1gyi S\u00e1ndor rend\u0151ralezredes, Csepel rend\u0151rkapit\u00e1nya ind\u00edtotta startpisztollyal. A r\u00e9sztvev\u0151k a Dunad\u00fcl\u0151n futottak a Hollandi \u00fatig, balra fordulva a Sz\u00e9kely kapun \u00e1thaladva le\u00e9rtek a Kolonics s\u00e9t\u00e1nyra, majd a fah\u00eddon \u00e1t a Gubacsi-h\u00edd \u00e9rint\u00e9s\u00e9vel vissza fordultak a Daru-dombra. A hagyom\u00e1nyokhoz h\u00edven rendeztek egy 300 m\u00e9teres un. ovi-futamot is, ahol a legkisebbek is kipr\u00f3b\u00e1lhatt\u00e1k, milyen az igazi versenyszellem. A fut\u00f3versenyeken 2300-an \u00e1lltak rajthoz.<\/p>\n<p>A Fut a Csepel nem csak a fut\u00e1sr\u00f3l sz\u00f3lt: ahogy azt m\u00e1r megszokhattuk, bemutatkoztak a Csepelen m\u0171k\u00f6d\u0151 sportegyes\u00fcletek is. Az egyes\u00fcletek s\u00e1train\u00e1l mintegy h\u00fasz sport\u00e1g k\u00e9pviseltette mag\u00e1t, t\u00f6bbek k\u00f6z\u00f6tt a Halker-KiralyTeam Kick-box Akad\u00e9mia, a Csepel L\u00f6v\u00e9sz Egylet, a Csepeli Birk\u00f3z\u00f3 Club, a Csepeli \u00d6ttusa \u00e9s Vizi Sport Egyes\u00fclet, a Csepeli Ut\u00e1np\u00f3tl\u00e1s Sportegyes\u00fclet, a Csepel Di\u00e1ksport Egyes\u00fclet, a Capoeira Abolicao Csepel, az Island Rock Csepel T\u00e1ncsport Egyes\u00fclet, a Buffalo \u00cdj\u00e1sz Klub \u00e9s a Csepel Dolphins Traitlon SC.<\/p>\n<p>Az \u00faj helysz\u00edn \u00faj tartalmakat is k\u00edn\u00e1lt. Hagyom\u00e1nyteremt\u0151 jelleggel Solathlon versenyt rendeztek, ahol nyolc csepeli iskola versenyz\u0151i \u00e1lltak rajthoz. N\u00e9gy fi\u00fa \u00e9s n\u00e9gy l\u00e1ny csapatban m\u00e9rte \u00f6ssze tud\u00e1s\u00e1t l\u00e9zerl\u00f6v\u00e9szetben, akad\u00e1lyfut\u00e1sban \u00e9s vill\u00e1m t\u00e1j\u00e9koz\u00f3d\u00e1sban. A szervez\u0151k j\u00f6v\u0151re szeretn\u00e9k az \u00f6sszes csepeli iskol\u00e1t bevonni a versenybe. A rendezv\u00e9ny egyben honv\u00e9delmi sportnap is volt, a csepeli sportegyes\u00fcletek mellett n\u00e9h\u00e1ny honv\u00e9delmi sport\u00e1g is bemutatkozott. A Magyar Honv\u00e9ds\u00e9g toborz\u00f3s\u00e1tr\u00e1n\u00e1l szerz\u0151d\u00e9ses illetve tartal\u00e9kos katon\u00e1k jelentkez\u00e9s\u00e9t v\u00e1rt\u00e1k. Az \u00e9rdekl\u0151d\u0151k hat\u00e1stalan\u00edtott fegyverekkel ismerkedhettek, \u00e9s kipr\u00f3b\u00e1lhatt\u00e1k a Gripen-szimul\u00e1tort.<br \/>\nAz eg\u00e9sz napos csal\u00e1di rendezv\u00e9nyen minden a mozg\u00e1sr\u00f3l sz\u00f3lt, a gazdag programk\u00edn\u00e1latnak k\u00f6sz\u00f6nhet\u0151en mindenki megtal\u00e1lhatta a maga sz\u00e1m\u00e1ra legmegfelel\u0151bb id\u0151t\u00f6lt\u00e9st. A Daru-domb \u00e1ltal k\u00edn\u00e1lt t\u00e1gas t\u00e9r remek v\u00e1laszt\u00e1snak bizonyult, hiszen a rendezv\u00e9nyt v\u00e9gig hatalmas \u00e9rdekl\u0151d\u00e9s k\u00eds\u00e9rte.<\/p>\n<p>&nbsp;<\/p>\n<\/div>\n","protected":false},"excerpt":{"rendered":"<p>\u00daj helysz\u00ednen, a Daru-dombon rendezt\u00e9k meg a Fut a Csepel Fut\u00f3versenyt \u00e9s Sport\u00e1gv\u00e1laszt\u00f3t, amelyen 2300-an \u00e1lltak rajthoz.<\/p>\n","protected":false},"author":8,"featured_media":819,"comment_status":"open","ping_status":"open","sticky":false,"template":"","format":"standard","meta":[],"categories":[7],"tags":[34,56,54,32,55],"acf":[],"_links":{"self":[{"href":"https:\/\/www.csepelivaroskep.hu\/hirmondo\/wp-json\/wp\/v2\/posts\/822"}],"collection":[{"href":"https:\/\/www.csepelivaroskep.hu\/hirmondo\/wp-json\/wp\/v2\/posts"}],"about":[{"href":"https:\/\/www.csepelivaroskep.hu\/hirmondo\/wp-json\/wp\/v2\/types\/post"}],"author":[{"embeddable":true,"href":"https:\/\/www.csepelivaroskep.hu\/hirmondo\/wp-json\/wp\/v2\/users\/8"}],"replies":[{"embeddable":true,"href":"https:\/\/www.csepelivaroskep.hu\/hirmondo\/wp-json\/wp\/v2\/comments?post=822"}],"version-history":[{"count":4,"href":"https:\/\/www.csepelivaroskep.hu\/hirmondo\/wp-json\/wp\/v2\/posts\/822\/revisions"}],"predecessor-version":[{"id":840,"href":"https:\/\/www.csepelivaroskep.hu\/hirmondo\/wp-json\/wp\/v2\/posts\/822\/revisions\/840"}],"wp:featuredmedia":[{"embeddable":true,"href":"https:\/\/www.csepelivaroskep.hu\/hirmondo\/wp-json\/wp\/v2\/media\/819"}],"wp:attachment":[{"href":"https:\/\/www.csepelivaroskep.hu\/hirmondo\/wp-json\/wp\/v2\/media?parent=822"}],"wp:term":[{"taxonomy":"category","embeddable":true,"href":"https:\/\/www.csepelivaroskep.hu\/hirmondo\/wp-json\/wp\/v2\/categories?post=822"},{"taxonomy":"post_tag","embeddable":true,"href":"https:\/\/www.csepelivaroskep.hu\/hirmondo\/wp-json\/wp\/v2\/tags?post=822"}],"curies":[{"name":"wp","href":"https:\/\/api.w.org\/{rel}","templated":true}]}}