{"id":842,"date":"2018-10-15T07:48:14","date_gmt":"2018-10-15T07:48:14","guid":{"rendered":"http:\/\/www.csepelivaroskep.hu\/hirmondo\/?p=842"},"modified":"2018-10-15T07:48:14","modified_gmt":"2018-10-15T07:48:14","slug":"uj-eszkozok-uj-orvosok-a-csepeli-egeszsegugyben","status":"publish","type":"post","link":"https:\/\/www.csepelivaroskep.hu\/hirmondo\/2018\/10\/15\/uj-eszkozok-uj-orvosok-a-csepeli-egeszsegugyben\/","title":{"rendered":"\u00daj eszk\u00f6z\u00f6k, \u00faj orvosok a csepeli eg\u00e9szs\u00e9g\u00fcgyben"},"content":{"rendered":"<div class=\"itemIntroText\">\n<p>A T\u00f3th Ilona Eg\u00e9szs\u00e9g\u00fcgyi Szolg\u00e1lat Szakorvosi Rendel\u0151int\u00e9zet 2010 \u00f3ta tart\u00f3 fejleszt\u00e9sei \u00faj min\u0151s\u00e9get hoztak Csepelen az eg\u00e9szs\u00e9g\u00fcgyi ell\u00e1t\u00e1sban. B\u00e1r az orvoshi\u00e1ny id\u0151nk\u00e9nt neh\u00e9zs\u00e9get okoz, sz\u00e1mos \u00faj szakma is megjelent \u2013 mondta el dr. Juh\u00e1sz Gy\u00f6rgy, az int\u00e9zm\u00e9ny f\u0151igazgat\u00f3-f\u0151orvosa.<\/p>\n<\/div>\n<div class=\"itemFullText\">\n<p>\u00daj ter\u00fclet p\u00e9ld\u00e1ul a gyermekseb\u00e9szet, a gyermekradiol\u00f3gia, a traumatol\u00f3gia, az \u00e9rseb\u00e9szet, a gyermekortop\u00e9dia, a foni\u00e1tria, a 24 \u00f3r\u00e1s feln\u0151tt- \u00e9s gyermek\u00fcgyelet, az endokrinol\u00f3giai szakrendel\u00e9s, a teleradiol\u00f3gia, a genetikai sz\u0171r\u00e9s a terhess\u00e9g korai szak\u00e1ban \u00e9s a dietetikai szolg\u00e1lat. A nagy \u00e9rt\u00e9k\u0171 eszk\u00f6zbeszerz\u00e9sek r\u00e9v\u00e9n \u00f6nkorm\u00e1nyzati forr\u00e1sb\u00f3l nyolc \u00e9v alatt a rendel\u0151 m\u0171szerparkja is meg\u00fajult, mintegy 170 milli\u00f3 forint \u00e9rt\u00e9kben. P\u00e9ld\u00e1ul ultrahangk\u00e9sz\u00fcl\u00e9kek ker\u00fcltek a radiol\u00f3gi\u00e1ra (16 milli\u00f3 forint), az urol\u00f3gi\u00e1ra (10 milli\u00f3 forint), a n\u0151gy\u00f3gy\u00e1szatra (12 milli\u00f3 forint), a kardiol\u00f3gi\u00e1ra (10 milli\u00f3 forint). \u00daj videokolonoszk\u00f3ppal (9 milli\u00f3 forint), seb\u00e9szeti l\u00e9zerk\u00e9sz\u00fcl\u00e9kkel (4 milli\u00f3 forint), t\u0171krist\u00e1lyos kiolvas\u00f3 rendszerrel (10 milli\u00f3 forint) \u00e9s \u00e9rter\u00e1pi\u00e1s kezel\u0151\u00e1ggyal (3 milli\u00f3 forint) is b\u0151v\u00fclt az ell\u00e1t\u00e1s. Az \u00f6nkorm\u00e1nyzat teljesen fel\u00faj\u00edtotta a t\u00fcd\u0151gondoz\u00f3t \u00e9s a Szent Istv\u00e1n \u00fat 217. sz\u00e1m alatti rendel\u0151t, a T\u00e1ncsics utcai \u00e9s a Csik\u00f3 s\u00e9t\u00e1nyon lev\u0151 rendel\u0151k fel\u00faj\u00edt\u00e1sa jelenleg is zajlik.<\/p>\n<p>V\u00e9get \u00e9rt a G\u00f6rgey Art\u00far t\u00e9ri \u00e9p\u00fclet klimatiz\u00e1l\u00e1sa. \u201eA j\u00e1r\u00f3beteg-fejleszt\u00e9sekkel szeretn\u00e9nk p\u00f3tolni a Weisz Manfr\u00e9d k\u00f3rh\u00e1z bez\u00e1r\u00e1s\u00e1val kiesett kapacit\u00e1sokat. Ma m\u00e1r a betegs\u00e9gek 80-85 sz\u00e1zal\u00e9ka j\u00e1r\u00f3beteg-ell\u00e1t\u00e1s keretein bel\u00fcl is megoldhat\u00f3, adott esetben sz\u00ednvonalasabban is, mint a fekv\u0151beteg-oszt\u00e1lyon. Ennek \u00e9rdek\u00e9ben fejlesztj\u00fck a seb\u00e9szetet, a traumatol\u00f3gi\u00e1t, az \u00e9rseb\u00e9szetet, a n\u0151gy\u00f3gy\u00e1szatot\u201d\u2013 mondta a f\u0151igazgat\u00f3.<\/p>\n<p><strong>Ment\u00e1lhigi\u00e9n\u00e9s centrum<\/strong><\/p>\n<p>Az Eg\u00e9szs\u00e9ges Budapest\u00e9rt Program fejleszt\u00e9sei kapcs\u00e1n kit\u00e9rt arra, hogy a ment\u00e1lhigi\u00e9n\u00e9s centrumban pszichi\u00e1triai \u00e9s pszichol\u00f3giai rendel\u00e9s lesz. A pszichol\u00f3gusok eg\u00e9szs\u00e9gesek vagy megbeteged\u00e9s el\u0151tt \u00e1ll\u00f3 pszichol\u00f3giai probl\u00e9m\u00e1kkal (frusztr\u00e1ci\u00f3, szenved\u00e9lybetegs\u00e9gek) k\u00fczd\u0151kkel foglalkoznak, m\u00edg a pszichi\u00e1tria az elmebetegs\u00e9geket gy\u00f3gy\u00edtja. A ment\u00e1lhigi\u00e9n\u00e9s centrumban gyermekpszichi\u00e1triai ell\u00e1t\u00e1s is lesz. \u201eA D\u00e9l-pesti K\u00f3rh\u00e1z s\u00fcrg\u0151ss\u00e9gi oszt\u00e1lya t\u00falterhelt, nem ritka, hogy a betegek csak t\u00f6bb\u00f3r\u00e1s v\u00e1rakoz\u00e1s ut\u00e1n ker\u00fclnek ell\u00e1t\u00e1sra. A Vermes utcai \u00e9p\u00fcletben \u2013 a hossz\u00fa v\u00e1rakoz\u00e1st kiker\u00fclve \u2013 elv\u00e9gezn\u00e9k az \u00fan. tri\u00e1zsol\u00e1st, azaz a beteg \u00e1llapot\u00e1nak felm\u00e9r\u00e9s\u00e9t\u201d \u2013 hangs\u00falyozta Juh\u00e1sz Gy\u00f6rgy.<\/p>\n<p><strong>Nappali k\u00f3rh\u00e1z<\/strong><\/p>\n<p>Lesznek \u00e1gyak is, teh\u00e1t az egykori Sz\u00fcl\u0151h\u00e1z \u00e9p\u00fclete nappali k\u00f3rh\u00e1zk\u00e9nt is funkcion\u00e1lna, majd a diagn\u00f3zis fel\u00e1ll\u00edt\u00e1sa ut\u00e1n eld\u00f6ntik, hogy az illet\u0151 hazamehet- e vagy k\u00f3rh\u00e1zba kell k\u00fcldeni. Itt kap szerepet az inf\u00fazi\u00f3s ter\u00e1pia. A k\u00faraszer\u0171 ell\u00e1t\u00e1s ut\u00e1n p\u00e9ld\u00e1ul a cukorbetegek megkaphatj\u00e1k az \u00e9rt\u00e1g\u00edt\u00f3 inf\u00fazi\u00f3t, nem kell befek\u00fcdni\u00fck a k\u00f3rh\u00e1zba. A technikai fejl\u0151d\u00e9ssel sokat v\u00e1ltozott a seb\u00e9szet arculata. P\u00e9ld\u00e1ul az epem\u0171t\u00e9t, a vakb\u00e9lm\u0171t\u00e9t, az epeh\u00f3lyag-elt\u00e1vol\u00edt\u00e1s endoszk\u00f3pos beavatkoz\u00e1ssal, egynapos seb\u00e9szeti elj\u00e1r\u00e1s keretein bel\u00fcl megoldhat\u00f3ak, \u00e9s tervezik a szem\u00e9szeti katarakta (sz\u00fcrkeh\u00e1lyog) -m\u0171t\u00e9teket is bevezetni. A radiol\u00f3gia digitaliz\u00e1ci\u00f3ja sor\u00e1n olyan kamerarendszert szerelnek a r\u00f6ntgenk\u00e9sz\u00fcl\u00e9kekbe, amely azonnal digitaliz\u00e1lja a k\u00e9pet. Az informatikai meg\u00fajul\u00e1s minden g\u00e9pet, monitort, nyomtat\u00f3t \u00e9rinteni fog, tov\u00e1bb\u00e1 egys\u00e9ges informatikai rendszert vezetnek be, amelynek sor\u00e1n a betegir\u00e1ny\u00edt\u00e1s is meg\u00fajul. Sorsz\u00e1moszt\u00f3 rendszert \u00e9p\u00edtenek ki, a rendel\u0151k ajtaja felett digit\u00e1lis kijelz\u0151k h\u00edvj\u00e1k a beteget. Az interakt\u00edv honlap seg\u00edts\u00e9g\u00e9vel a betegekkel k\u00f6zvetlen\u00fcl tartj\u00e1k a kapcsolatot, a rendel\u00e9sekre id\u0151pontokat lehet k\u00e9rni. A Sz\u00fcl\u0151otthon \u00e9p\u00fclete is teljesen meg\u00fajul. \u201eM\u00edg a huszadik sz\u00e1zadban a betegs\u00e9gek megel\u0151z\u00e9s\u00e9n \u00e9s gy\u00f3gy\u00edt\u00e1s\u00e1n volt a hangs\u00faly, addig a huszonegyedik sz\u00e1zadban m\u00e1r az eg\u00e9szs\u00e9g meg\u0151rz\u00e9s\u00e9n \u00e9s fejleszt\u00e9s\u00e9n. C\u00e9lunk nemcsak az, hogy betegeket gy\u00f3gy\u00edtsunk, hanem az is, hogy min\u00e9l t\u00f6bb embernek meg\u0151rizz\u00fck az eg\u00e9szs\u00e9g\u00e9t. Az \u00f6nkorm\u00e1nyzat \u00e1ltal t\u00e1mogatott sportfejleszt\u00e9sek is ezt a c\u00e9lt szolg\u00e1lj\u00e1k. Ha csak lehet, ker\u00fclj\u00fck a k\u00f3rh\u00e1zi kezel\u00e9seket \u00e9s a beteg gy\u00f3gy\u00edt\u00e1s\u00e1t a lak\u00f3hely\u00e9n, otthon\u00e1t\u00f3l nem elszak\u00edtva oldjuk meg\u201d \u2013 mondta a f\u0151igazgat\u00f3.<\/p>\n<p>Lass G\u00e1bor<\/p>\n<p><img loading=\"lazy\" class=\"alignnone size-medium wp-image-843\" src=\"http:\/\/www.csepelivaroskep.hu\/hirmondo\/wp-content\/uploads\/sites\/7\/2018\/10\/doctor-3457027_640-300x200.jpg\" alt=\"\" width=\"300\" height=\"200\" srcset=\"https:\/\/www.csepelivaroskep.hu\/hirmondo\/wp-content\/uploads\/sites\/7\/2018\/10\/doctor-3457027_640-300x200.jpg 300w, https:\/\/www.csepelivaroskep.hu\/hirmondo\/wp-content\/uploads\/sites\/7\/2018\/10\/doctor-3457027_640.jpg 640w\" sizes=\"(max-width: 300px) 100vw, 300px\" \/><\/p>\n<\/div>\n","protected":false},"excerpt":{"rendered":"<p>A T\u00f3th Ilona Eg\u00e9szs\u00e9g\u00fcgyi Szolg\u00e1lat Szakorvosi Rendel\u0151int\u00e9zet 2010 \u00f3ta tart\u00f3 fejleszt\u00e9sei \u00faj min\u0151s\u00e9get hoztak Csepelen az eg\u00e9szs\u00e9g\u00fcgyi ell\u00e1t\u00e1sban. B\u00e1r az orvoshi\u00e1ny id\u0151nk\u00e9nt neh\u00e9zs\u00e9get okoz, sz\u00e1mos \u00faj szakma is megjelent \u2013 mondta el dr. Juh\u00e1sz Gy\u00f6rgy, az int\u00e9zm\u00e9ny f\u0151igazgat\u00f3-f\u0151orvosa. \u00daj ter\u00fclet p\u00e9ld\u00e1ul a gyermekseb\u00e9szet, a gyermekradiol\u00f3gia, a traumatol\u00f3gia, az \u00e9rseb\u00e9szet, a gyermekortop\u00e9dia, a foni\u00e1tria, a 24 [&hellip;]<\/p>\n","protected":false},"author":8,"featured_media":843,"comment_status":"open","ping_status":"open","sticky":false,"template":"","format":"standard","meta":[],"categories":[8],"tags":[60,59,58,57],"acf":[],"_links":{"self":[{"href":"https:\/\/www.csepelivaroskep.hu\/hirmondo\/wp-json\/wp\/v2\/posts\/842"}],"collection":[{"href":"https:\/\/www.csepelivaroskep.hu\/hirmondo\/wp-json\/wp\/v2\/posts"}],"about":[{"href":"https:\/\/www.csepelivaroskep.hu\/hirmondo\/wp-json\/wp\/v2\/types\/post"}],"author":[{"embeddable":true,"href":"https:\/\/www.csepelivaroskep.hu\/hirmondo\/wp-json\/wp\/v2\/users\/8"}],"replies":[{"embeddable":true,"href":"https:\/\/www.csepelivaroskep.hu\/hirmondo\/wp-json\/wp\/v2\/comments?post=842"}],"version-history":[{"count":1,"href":"https:\/\/www.csepelivaroskep.hu\/hirmondo\/wp-json\/wp\/v2\/posts\/842\/revisions"}],"predecessor-version":[{"id":844,"href":"https:\/\/www.csepelivaroskep.hu\/hirmondo\/wp-json\/wp\/v2\/posts\/842\/revisions\/844"}],"wp:featuredmedia":[{"embeddable":true,"href":"https:\/\/www.csepelivaroskep.hu\/hirmondo\/wp-json\/wp\/v2\/media\/843"}],"wp:attachment":[{"href":"https:\/\/www.csepelivaroskep.hu\/hirmondo\/wp-json\/wp\/v2\/media?parent=842"}],"wp:term":[{"taxonomy":"category","embeddable":true,"href":"https:\/\/www.csepelivaroskep.hu\/hirmondo\/wp-json\/wp\/v2\/categories?post=842"},{"taxonomy":"post_tag","embeddable":true,"href":"https:\/\/www.csepelivaroskep.hu\/hirmondo\/wp-json\/wp\/v2\/tags?post=842"}],"curies":[{"name":"wp","href":"https:\/\/api.w.org\/{rel}","templated":true}]}}