{"id":897,"date":"2018-10-24T07:13:36","date_gmt":"2018-10-24T07:13:36","guid":{"rendered":"http:\/\/www.csepelivaroskep.hu\/hirmondo\/?p=897"},"modified":"2018-10-24T07:13:36","modified_gmt":"2018-10-24T07:13:36","slug":"uj-szivet-kapott-egy-csepeli-ferfi-a-varosmajori-szivklinikan","status":"publish","type":"post","link":"https:\/\/www.csepelivaroskep.hu\/hirmondo\/2018\/10\/24\/uj-szivet-kapott-egy-csepeli-ferfi-a-varosmajori-szivklinikan\/","title":{"rendered":"\u00daj sz\u00edvet kapott egy csepeli f\u00e9rfi a v\u00e1rosmajori sz\u00edvklinik\u00e1n"},"content":{"rendered":"<div class=\"itemIntroText\">\n<p>Sikeres sz\u00edv\u00e1t\u00fcltet\u00e9sen esett \u00e1t az 58 \u00e9ves R\u00e1cz P\u00e1l a V\u00e1rosmajori Sz\u00edv- \u00e9s \u00c9rseb\u00e9szeti Klinik\u00e1n. A csepeli f\u00e9rfi kilenc \u00e9ve betegeskedett a sz\u00edv\u00e9vel, t\u00f6bb m\u0171t\u00e9tet hajtottak rajta v\u00e9gre, az utols\u00f3 es\u00e9lye a sz\u00edv\u00e1t\u00fcltet\u00e9s maradt. Orvosai a napokban k\u00f6z\u00f6lt\u00e9k vele, hogy alkalmas sz\u00edvet tal\u00e1ltak sz\u00e1m\u00e1ra, v\u00e1llalkozik-e a m\u0171t\u00e9tre. A f\u00e9rfi beleegyez\u00e9se ut\u00e1n rohamment\u0151vel sz\u00e1ll\u00edtott\u00e1k el a v\u00e1rosmajori klinik\u00e1ra. Munkat\u00e1rsunknak siker\u00fclt telefonon el\u00e9rnie R\u00e1cz P\u00e1lt, aki mondta, hogy m\u00e1r s\u00e9t\u00e1lgat a k\u00f3rteremben, \u00e9s minden csepelinek k\u00f6sz\u00f6ni az \u00e9rte val\u00f3 agg\u00f3d\u00e1st.<\/p>\n<\/div>\n<div class=\"itemFullText\">\n<p>Lapunk tavaly sz\u00e1molt be r\u00f3la, hogy R\u00e1cz P\u00e1l sz\u00edv\u00e1t\u00fcltet\u00e9sre v\u00e1r. Kor\u00e1bban v\u00edz-, g\u00e1z- \u00e9s f\u0171t\u00e9sszerel\u0151k\u00e9nt dolgozott, v\u00e9g\u00fcl lesz\u00e1zal\u00e9kolt\u00e1k. Orvosai azt mondt\u00e1k, hogy a koszor\u00faere el van z\u00e1r\u00f3dva. A Jahn Ferenc K\u00f3rh\u00e1zb\u00f3l \u00e1tvitt\u00e9k a v\u00e1rosmajori sz\u00edvseb\u00e9szeti klinik\u00e1ra, hogy jobb ell\u00e1t\u00e1st kapjon. \u00c9rt\u00e1g\u00edt\u00e1st v\u00e9geztek a sz\u00edv\u00e9n, amit m\u00e9g h\u00e1romszor megism\u00e9teltek. K\u00e9s\u0151bb k\u00f6z\u00f6lt\u00e9k vele, hogy annyira gyenge a sz\u00edve, hogy csak a sz\u00edv\u00e1t\u00fcltet\u00e9s seg\u00edthet. Az egyik sz\u00edvkamr\u00e1ja 18, a m\u00e1sik 22 sz\u00e1zal\u00e9kon m\u0171k\u00f6d\u00f6tt. V\u00e1r\u00f3list\u00e1ra tett\u00e9k, hogy ha donor \u00e9rkezik, elv\u00e9gezhess\u00e9k a m\u0171t\u00e9tet.<\/p>\n<p>Sz\u00edvm\u0171t\u00e9tje el\u0151tt orvosaival apr\u00f3l\u00e9kosan \u00e1tbesz\u00e9lt\u00e9k, hogy mire k\u00e9sz\u00fclj\u00f6n fel. A m\u0171t\u00e9t ut\u00e1n legal\u00e1bb hat h\u00e9tig a k\u00f3rh\u00e1zban kell maradnia. Az els\u0151 h\u00e9ten csak \u00fagy fogadhat l\u00e1togat\u00f3kat, hogy egy \u00fcvegfalon kereszt\u00fcl besz\u00e9lgethet vel\u00fck. Egy \u00e9vig maszkban \u00e9s keszty\u0171ben kell j\u00e1rnia. A klinika pszichol\u00f3gusa biztatta, hogy mindv\u00e9gig mellette lesz.<\/p>\n<p>R\u00e1cz P\u00e1l a k\u00f6vetkez\u0151ket mondta munkat\u00e1rsunknak telefonon: \u201eK\u00f6sz\u00f6n\u00f6m sz\u00e9pen, t\u00fal vagyok a nehez\u00e9n, a m\u0171t\u00e9t siker\u00fclt. A csepeli \u00f6nkorm\u00e1nyzat j\u00f3volt\u00e1b\u00f3l a Simon Boliv\u00e1r s\u00e9t\u00e1nyon tal\u00e1lhat\u00f3 id\u0151sek otthon\u00e1ban laktam, hogy \u00e1lland\u00f3 fel\u00fcgyelet alatt legyek. Egyik este \u00e9rtes\u00edtettek az orvosok, hogy \u00e9rkezett egy sz\u00edv, k\u00e9szen \u00e1llok-e a m\u0171t\u00e9tre. Beleegyeztem, p\u00e1r perc m\u00falva m\u00e1r ott is volt a ment\u0151. Dr Harty\u00e1nszky Istv\u00e1n sz\u00edvseb\u00e9sz m\u0171t\u00f6tt meg. Nem tudom, kinek a sz\u00edv\u00e9t kaptam, de azt mondt\u00e1k, er\u0151s, j\u00f3 sz\u00edvet \u00fcltettek be. Az els\u0151 napokban elk\u00fcl\u00f6n\u00edt\u0151ben voltam. Most maszkban, keszty\u0171ben, sapk\u00e1val a fejemen m\u00e1szk\u00e1lok a k\u00f3rteremben. Az \u00e9tv\u00e1gyam j\u00f3, der\u0171s a hangulatom. A bar\u00e1tn\u0151m majdnem minden nap megl\u00e1togat, de j\u00f6nnek a bar\u00e1tok is. K\u00f6sz\u00f6net a csepelieknek, akik gondolnak r\u00e1m!\u201d<\/p>\n<p>R\u00e1cz P\u00e1l az els\u0151 csepeli, akin sz\u00edv\u00e1t\u00fcltet\u00e9st hajtottak v\u00e9gre.<\/p>\n<p>Cs. A.<\/p>\n<p><img loading=\"lazy\" class=\"alignnone size-medium wp-image-898\" src=\"http:\/\/www.csepelivaroskep.hu\/hirmondo\/wp-content\/uploads\/sites\/7\/2018\/10\/GMA_3565-300x199.jpg\" alt=\"\" width=\"300\" height=\"199\" srcset=\"https:\/\/www.csepelivaroskep.hu\/hirmondo\/wp-content\/uploads\/sites\/7\/2018\/10\/GMA_3565-300x199.jpg 300w, https:\/\/www.csepelivaroskep.hu\/hirmondo\/wp-content\/uploads\/sites\/7\/2018\/10\/GMA_3565.jpg 768w\" sizes=\"(max-width: 300px) 100vw, 300px\" \/><\/p>\n<\/div>\n","protected":false},"excerpt":{"rendered":"<p>Sikeres sz\u00edv\u00e1t\u00fcltet\u00e9sen esett \u00e1t az 58 \u00e9ves R\u00e1cz P\u00e1l a V\u00e1rosmajori Sz\u00edv- \u00e9s \u00c9rseb\u00e9szeti Klinik\u00e1n. A csepeli f\u00e9rfi kilenc \u00e9ve betegeskedett a sz\u00edv\u00e9vel, t\u00f6bb m\u0171t\u00e9tet hajtottak rajta v\u00e9gre, az utols\u00f3 es\u00e9lye a sz\u00edv\u00e1t\u00fcltet\u00e9s maradt. Orvosai a napokban k\u00f6z\u00f6lt\u00e9k vele, hogy alkalmas sz\u00edvet tal\u00e1ltak sz\u00e1m\u00e1ra, v\u00e1llalkozik-e a m\u0171t\u00e9tre. A f\u00e9rfi beleegyez\u00e9se ut\u00e1n rohamment\u0151vel sz\u00e1ll\u00edtott\u00e1k el a [&hellip;]<\/p>\n","protected":false},"author":8,"featured_media":898,"comment_status":"open","ping_status":"open","sticky":false,"template":"","format":"standard","meta":[],"categories":[8],"tags":[],"acf":[],"_links":{"self":[{"href":"https:\/\/www.csepelivaroskep.hu\/hirmondo\/wp-json\/wp\/v2\/posts\/897"}],"collection":[{"href":"https:\/\/www.csepelivaroskep.hu\/hirmondo\/wp-json\/wp\/v2\/posts"}],"about":[{"href":"https:\/\/www.csepelivaroskep.hu\/hirmondo\/wp-json\/wp\/v2\/types\/post"}],"author":[{"embeddable":true,"href":"https:\/\/www.csepelivaroskep.hu\/hirmondo\/wp-json\/wp\/v2\/users\/8"}],"replies":[{"embeddable":true,"href":"https:\/\/www.csepelivaroskep.hu\/hirmondo\/wp-json\/wp\/v2\/comments?post=897"}],"version-history":[{"count":1,"href":"https:\/\/www.csepelivaroskep.hu\/hirmondo\/wp-json\/wp\/v2\/posts\/897\/revisions"}],"predecessor-version":[{"id":899,"href":"https:\/\/www.csepelivaroskep.hu\/hirmondo\/wp-json\/wp\/v2\/posts\/897\/revisions\/899"}],"wp:featuredmedia":[{"embeddable":true,"href":"https:\/\/www.csepelivaroskep.hu\/hirmondo\/wp-json\/wp\/v2\/media\/898"}],"wp:attachment":[{"href":"https:\/\/www.csepelivaroskep.hu\/hirmondo\/wp-json\/wp\/v2\/media?parent=897"}],"wp:term":[{"taxonomy":"category","embeddable":true,"href":"https:\/\/www.csepelivaroskep.hu\/hirmondo\/wp-json\/wp\/v2\/categories?post=897"},{"taxonomy":"post_tag","embeddable":true,"href":"https:\/\/www.csepelivaroskep.hu\/hirmondo\/wp-json\/wp\/v2\/tags?post=897"}],"curies":[{"name":"wp","href":"https:\/\/api.w.org\/{rel}","templated":true}]}}