{"id":971,"date":"2018-11-26T08:35:13","date_gmt":"2018-11-26T08:35:13","guid":{"rendered":"http:\/\/www.csepelivaroskep.hu\/hirmondo\/?p=971"},"modified":"2018-11-26T08:35:13","modified_gmt":"2018-11-26T08:35:13","slug":"dinamikusan-fejlodik-a-jahn-ferenc-del-pesti-korhaz-uj-muszerek-orvosi-es-apolasi-eszkozok-a-betegek-gyogyitasaert","status":"publish","type":"post","link":"https:\/\/www.csepelivaroskep.hu\/hirmondo\/2018\/11\/26\/dinamikusan-fejlodik-a-jahn-ferenc-del-pesti-korhaz-uj-muszerek-orvosi-es-apolasi-eszkozok-a-betegek-gyogyitasaert\/","title":{"rendered":"Dinamikusan fejl\u0151dik a Jahn Ferenc D\u00e9l-pesti K\u00f3rh\u00e1z \u2013 \u00daj m\u0171szerek, orvosi \u00e9s \u00e1pol\u00e1si eszk\u00f6z\u00f6k a betegek gy\u00f3gy\u00edt\u00e1s\u00e1\u00e9rt"},"content":{"rendered":"<div class=\"itemIntroText\">\n<p>N\u00e9gy \u00f6nkorm\u00e1nyzat \u2013 Csepel, Pesterzs\u00e9bet, Pestszentl\u0151rinc-Pestszentimre \u00e9s Soroks\u00e1r \u2013 p\u00e9lda\u00e9rt\u00e9k\u0171 \u00f6sszefog\u00e1s\u00e1nak k\u00f6sz\u00f6nhet\u0151en \u00faj m\u0171szerekkel, orvosi \u00e9s \u00e1pol\u00e1si eszk\u00f6z\u00f6kkel javult a Jahn Ferenc D\u00e9l-pesti K\u00f3rh\u00e1z \u00e9s Rendel\u0151int\u00e9zet betegell\u00e1t\u00e1sa. A 70 milli\u00f3 forint \u00e9rt\u00e9k\u0171 t\u00e1mogat\u00e1st a Kardiol\u00f3giai Oszt\u00e1ly \u00e9s a S\u00fcrg\u0151ss\u00e9gi Betegell\u00e1t\u00f3 Oszt\u00e1ly betegeinek sz\u00ednvonalasabb \u00e9s biztons\u00e1gosabb diagnosztiz\u00e1l\u00e1s\u00e1ra ford\u00edtj\u00e1k. Az eg\u00e9szs\u00e9g\u00fcgyi fejleszt\u00e9shez a csepeli \u00f6nkorm\u00e1nyzat Borb\u00e9ly L\u00e9n\u00e1rd polg\u00e1rmester javaslat\u00e1ra 20 milli\u00f3 forinttal j\u00e1rult hozz\u00e1.<\/p>\n<\/div>\n<div class=\"itemFullText\">\n<p>&nbsp;<\/p>\n<p>Az eszk\u00f6zbeszerz\u00e9st dr. Ralovich Zsolt, a Jahn Ferenc\u00a0D\u00e9l-pesti K\u00f3rh\u00e1z f\u0151igazgat\u00f3ja, dr. Lippai J\u00f3zsef, a k\u00f3rh\u00e1z Kardiol\u00f3giai Oszt\u00e1ly\u00e1nak vezet\u0151 f\u0151orvosa, valamint N\u00e9meth Szil\u00e1rd orsz\u00e1ggy\u0171l\u00e9si k\u00e9pvisel\u0151 kezdem\u00e9nyezt\u00e9k. A projekt megval\u00f3sul\u00e1s\u00e1hoz az \u00e9rintett \u00f6nkorm\u00e1nyzatok 55 milli\u00f3 forintos p\u00e9nzbeli, valamint 16 milli\u00f3 forintos term\u00e9szetbeni t\u00e1mogat\u00e1st ny\u00fajtottak.<\/p>\n<p>A november 22-ei eszk\u00f6z\u00e1tad\u00e1son Ralovich Zsolt f\u0151igazgat\u00f3 elmondta: folyamatosan fejlesztik k\u00f3rh\u00e1zukat, hogy a lehet\u0151 legjobb \u00e9s a legkorszer\u0171bb ell\u00e1t\u00e1st ny\u00fajts\u00e1k a betegeknek. Hozz\u00e1tette: az elm\u00falt n\u00e9gy \u00e9vben \u00f6nkorm\u00e1nyzati, korm\u00e1nyzati \u00e9s uni\u00f3s forr\u00e1sok seg\u00edts\u00e9g\u00e9vel egy \u00faj szakaszba l\u00e9pett az int\u00e9zm\u00e9ny, sz\u00e1mos \u00e9p\u00edt\u00e9szeti beruh\u00e1z\u00e1s \u00e9s eszk\u00f6zbeszerz\u00e9s val\u00f3sult meg. Mint mondta, Budapest egyik legdinamikusabban fejl\u0151d\u0151 k\u00f3rh\u00e1z\u00e1v\u00e1 v\u00e1lt a d\u00e9lpesti.<\/p>\n<p>Az \u00faj eszk\u00f6z\u00f6k, a korszer\u0171 transzport l\u00e9legeztet\u0151g\u00e9p, a v\u00e9r- \u00e9s plazmameleg\u00edt\u0151, az \u00f6t betegsz\u00e1ll\u00edt\u00f3 kocsi, valamint a cs\u00facsmin\u0151s\u00e9g\u0171 ultrahang berendez\u00e9s a s\u00fcrg\u0151ss\u00e9gi oszt\u00e1lyon \u00e9s a kardiol\u00f3gi\u00e1n foly\u00f3 munk\u00e1t seg\u00edtik. Ez ut\u00f3bbi az\u00e9rt is fontos, mert az int\u00e9zm\u00e9ny 465 ezer lakos kardiol\u00f3giai ell\u00e1t\u00e1s\u00e1\u00e9rt felel\u0151s \u2013 hangs\u00falyozta a f\u0151igazgat\u00f3.<\/p>\n<p>Az int\u00e9zm\u00e9ny ell\u00e1t\u00e1si k\u00f6rzet\u00e9hez tartoz\u00f3 \u00f6nkorm\u00e1nyzatok k\u00f6z\u00fcl Csepel 2013 \u00f3ta rendszeresen t\u00e1mogatja a k\u00f3rh\u00e1zat \u2013 emelte ki Morovik Attila alpolg\u00e1rmester. Kor\u00e1bban olyan egyed\u00fcl\u00e1ll\u00f3 3D-s laporoszk\u00f3pos tornyot v\u00e1s\u00e1rolt a ker\u00fclet 40 milli\u00f3 forint\u00e9rt a k\u00f3rh\u00e1z sz\u00e1m\u00e1ra, amely eur\u00f3pai sz\u00ednvonal\u00fa fejleszt\u00e9s volt \u2013 tette hozz\u00e1.<\/p>\n<p>Szabados \u00c1kos, Pesterzs\u00e9bet polg\u00e1rmestere szerint dinamikus v\u00e1ltoz\u00e1s tapasztalhat\u00f3 a k\u00f3rh\u00e1zban, a hozz\u00e1juk be\u00e9rkez\u0151 pozit\u00edv visszajelz\u00e9sek is ezt igazolj\u00e1k.<\/p>\n<p>Ahogy besz\u00e9d\u00e9ben\u00a0Ughy Attila Pestszentl\u0151rinc-Pestszentimre polg\u00e1rmestere fogalmazott: az elm\u00falt \u00e9vekben &#8220;hiperugr\u00e1st&#8221; hajtott v\u00e9gre a k\u00f3rh\u00e1z, amely felz\u00e1rk\u00f3ztatta a f\u0151v\u00e1rosi int\u00e9zm\u00e9nyek \u00e9lboly\u00e1hoz. Mindez a jelent\u0151s t\u00e1mogat\u00e1soknak \u00e9s az itt dolgoz\u00f3k t\u00f6retlen kitart\u00e1s\u00e1nak k\u00f6sz\u00f6nhet\u0151 \u2013 mondta. Geiger Ferenc, Soroks\u00e1r polg\u00e1rmestere arr\u00f3l sz\u00f3lt, hogy rem\u00e9li, az int\u00e9zm\u00e9ny Budapest els\u0151 h\u00e1rom k\u00f3rh\u00e1z\u00e1ba tartozhat majd a k\u00f6zelj\u00f6v\u0151ben.<\/p>\n<p>N\u00e9meth Szil\u00e1rd, a Honv\u00e9delmi Miniszt\u00e9rium parlamenti \u00e1llamtitk\u00e1ra azt hangs\u00falyozta, hogy a korm\u00e1ny \u00e9s \u00f6nkorm\u00e1nyzat k\u00e9pvisel\u0151i akkor tesznek j\u00f3l, ha az emberek\u00e9rt, a gy\u00f3gyulni v\u00e1gy\u00f3k\u00e9rt cselekszenek, akik\u00e9rt felel\u0151sek. Hozz\u00e1tette: \u201eFelel\u0151sek vagyunk az itt \u00e9l\u0151 lakosok\u00e9rt, felel\u0151sek vagyunk a szakemberek\u00e9rt \u00e9s az itt dolgoz\u00f3k\u00e9rt, akik kitartottak abban, hogy itthon akarnak gy\u00f3gy\u00edtani.\u201d<\/p>\n<p>Az eszk\u00f6z\u00e1tad\u00e1son r\u00e9szt vett m\u00e9g az \u00c1llami Eg\u00e9szs\u00e9g\u00fcgyi Ell\u00e1t\u00f3 K\u00f6zpont k\u00e9pviselet\u00e9ben dr. Stubnya Guszt\u00e1v t\u00e9rs\u00e9gi igazgat\u00f3.<\/p>\n<p>AZS<\/p>\n<p><img src=\"https:\/\/www.csepel.hu\/anyagok\/kepek\/cikkek\/2018_11\/23_jahn\/0867.jpg\" alt=\"0867\" \/><\/p>\n<\/div>\n","protected":false},"excerpt":{"rendered":"<p>N\u00e9gy \u00f6nkorm\u00e1nyzat \u2013 Csepel, Pesterzs\u00e9bet, Pestszentl\u0151rinc-Pestszentimre \u00e9s Soroks\u00e1r \u2013 p\u00e9lda\u00e9rt\u00e9k\u0171 \u00f6sszefog\u00e1s\u00e1nak k\u00f6sz\u00f6nhet\u0151en \u00faj m\u0171szerekkel, orvosi \u00e9s \u00e1pol\u00e1si eszk\u00f6z\u00f6kkel javult a Jahn Ferenc D\u00e9l-pesti K\u00f3rh\u00e1z \u00e9s Rendel\u0151int\u00e9zet betegell\u00e1t\u00e1sa. A 70 milli\u00f3 forint \u00e9rt\u00e9k\u0171 t\u00e1mogat\u00e1st a Kardiol\u00f3giai Oszt\u00e1ly \u00e9s a S\u00fcrg\u0151ss\u00e9gi Betegell\u00e1t\u00f3 Oszt\u00e1ly betegeinek sz\u00ednvonalasabb \u00e9s biztons\u00e1gosabb diagnosztiz\u00e1l\u00e1s\u00e1ra ford\u00edtj\u00e1k. Az eg\u00e9szs\u00e9g\u00fcgyi fejleszt\u00e9shez a csepeli \u00f6nkorm\u00e1nyzat Borb\u00e9ly L\u00e9n\u00e1rd [&hellip;]<\/p>\n","protected":false},"author":8,"featured_media":0,"comment_status":"open","ping_status":"open","sticky":false,"template":"","format":"standard","meta":[],"categories":[8],"tags":[],"acf":[],"_links":{"self":[{"href":"https:\/\/www.csepelivaroskep.hu\/hirmondo\/wp-json\/wp\/v2\/posts\/971"}],"collection":[{"href":"https:\/\/www.csepelivaroskep.hu\/hirmondo\/wp-json\/wp\/v2\/posts"}],"about":[{"href":"https:\/\/www.csepelivaroskep.hu\/hirmondo\/wp-json\/wp\/v2\/types\/post"}],"author":[{"embeddable":true,"href":"https:\/\/www.csepelivaroskep.hu\/hirmondo\/wp-json\/wp\/v2\/users\/8"}],"replies":[{"embeddable":true,"href":"https:\/\/www.csepelivaroskep.hu\/hirmondo\/wp-json\/wp\/v2\/comments?post=971"}],"version-history":[{"count":1,"href":"https:\/\/www.csepelivaroskep.hu\/hirmondo\/wp-json\/wp\/v2\/posts\/971\/revisions"}],"predecessor-version":[{"id":972,"href":"https:\/\/www.csepelivaroskep.hu\/hirmondo\/wp-json\/wp\/v2\/posts\/971\/revisions\/972"}],"wp:attachment":[{"href":"https:\/\/www.csepelivaroskep.hu\/hirmondo\/wp-json\/wp\/v2\/media?parent=971"}],"wp:term":[{"taxonomy":"category","embeddable":true,"href":"https:\/\/www.csepelivaroskep.hu\/hirmondo\/wp-json\/wp\/v2\/categories?post=971"},{"taxonomy":"post_tag","embeddable":true,"href":"https:\/\/www.csepelivaroskep.hu\/hirmondo\/wp-json\/wp\/v2\/tags?post=971"}],"curies":[{"name":"wp","href":"https:\/\/api.w.org\/{rel}","templated":true}]}}