{"id":978,"date":"2018-11-29T11:18:16","date_gmt":"2018-11-29T11:18:16","guid":{"rendered":"http:\/\/www.csepelivaroskep.hu\/hirmondo\/?p=978"},"modified":"2018-11-29T11:18:16","modified_gmt":"2018-11-29T11:18:16","slug":"csepeli-hirmondo-ix-29-szam","status":"publish","type":"post","link":"https:\/\/www.csepelivaroskep.hu\/hirmondo\/2018\/11\/29\/csepeli-hirmondo-ix-29-szam\/","title":{"rendered":"Csepeli H\u00edrmond\u00f3 IX\/29.sz\u00e1m"},"content":{"rendered":"<p>Megjelent a Csepeli H\u00edrmond\u00f3 leg\u00fajabb sz\u00e1ma. A tartalomb\u00f3l: K\u00f6zmeghallgat\u00e1s: mi t\u00f6rt\u00e9nt az elm\u00falt n\u00e9gy \u00e9vben?, Harmincn\u00e9gy tonna seg\u00edts\u00e9g, \u00faj m\u0171szerek, \u00e1pol\u00e1si eszk\u00f6z\u00f6k a k\u00f3rh\u00e1znak, Seg\u00edtenek, gondoznak, t\u00e1mogatnak, Aranylakodalom &#8211; \u00e9vtizedek \u00f3ta egy\u00fctt, Erzs\u00e9bet-b\u00e1l: m\u00e1sf\u00e9l milli\u00f3 j\u00f3t\u00e9kony c\u00e9lra, Jubileumi fa\u00fcltet\u00e9s a Kis-Duna-parton, Csepeli iskol\u00e1k a legjobbak k\u00f6z\u00f6tt, ker\u00fcleti programok, rejtv\u00e9ny. Utols\u00f3 2018-as sz\u00e1munk december 17-\u00e9n jelenik meg!<\/p>\n<a href=\"https:\/\/www.csepelivaroskep.hu\/hirmondo\/wp-content\/uploads\/sites\/7\/2018\/11\/CSH_185-1.pdf\" class=\"pdfemb-viewer\" style=\"\" data-width=\"max\" data-height=\"max\" data-mobile-width=\"0\"  data-scrollbar=\"none\" data-download=\"on\" data-tracking=\"on\" data-newwindow=\"on\" data-pagetextbox=\"off\" data-scrolltotop=\"off\" data-startzoom=\"100\" data-startfpzoom=\"100\" data-toolbar=\"both\" data-toolbar-fixed=\"on\">CSH_185<br\/><\/a>\n","protected":false},"excerpt":{"rendered":"<p>Megjelent a Csepeli H\u00edrmond\u00f3 leg\u00fajabb sz\u00e1ma. A tartalomb\u00f3l: K\u00f6zmeghallgat\u00e1s: mi t\u00f6rt\u00e9nt az elm\u00falt n\u00e9gy \u00e9vben?, Harmincn\u00e9gy tonna seg\u00edts\u00e9g, \u00faj m\u0171szerek, \u00e1pol\u00e1si eszk\u00f6z\u00f6k a k\u00f3rh\u00e1znak, Seg\u00edtenek, gondoznak, t\u00e1mogatnak, Aranylakodalom &#8211; \u00e9vtizedek \u00f3ta egy\u00fctt, Erzs\u00e9bet-b\u00e1l: m\u00e1sf\u00e9l milli\u00f3 j\u00f3t\u00e9kony c\u00e9lra, Jubileumi fa\u00fcltet\u00e9s a Kis-Duna-parton, Csepeli iskol\u00e1k a legjobbak k\u00f6z\u00f6tt, ker\u00fcleti programok, rejtv\u00e9ny. Utols\u00f3 2018-as sz\u00e1munk december 17-\u00e9n jelenik meg!<\/p>\n","protected":false},"author":8,"featured_media":980,"comment_status":"open","ping_status":"open","sticky":false,"template":"","format":"standard","meta":[],"categories":[9,12],"tags":[100,103,104,105,99,101,102],"acf":[],"_links":{"self":[{"href":"https:\/\/www.csepelivaroskep.hu\/hirmondo\/wp-json\/wp\/v2\/posts\/978"}],"collection":[{"href":"https:\/\/www.csepelivaroskep.hu\/hirmondo\/wp-json\/wp\/v2\/posts"}],"about":[{"href":"https:\/\/www.csepelivaroskep.hu\/hirmondo\/wp-json\/wp\/v2\/types\/post"}],"author":[{"embeddable":true,"href":"https:\/\/www.csepelivaroskep.hu\/hirmondo\/wp-json\/wp\/v2\/users\/8"}],"replies":[{"embeddable":true,"href":"https:\/\/www.csepelivaroskep.hu\/hirmondo\/wp-json\/wp\/v2\/comments?post=978"}],"version-history":[{"count":1,"href":"https:\/\/www.csepelivaroskep.hu\/hirmondo\/wp-json\/wp\/v2\/posts\/978\/revisions"}],"predecessor-version":[{"id":981,"href":"https:\/\/www.csepelivaroskep.hu\/hirmondo\/wp-json\/wp\/v2\/posts\/978\/revisions\/981"}],"wp:featuredmedia":[{"embeddable":true,"href":"https:\/\/www.csepelivaroskep.hu\/hirmondo\/wp-json\/wp\/v2\/media\/980"}],"wp:attachment":[{"href":"https:\/\/www.csepelivaroskep.hu\/hirmondo\/wp-json\/wp\/v2\/media?parent=978"}],"wp:term":[{"taxonomy":"category","embeddable":true,"href":"https:\/\/www.csepelivaroskep.hu\/hirmondo\/wp-json\/wp\/v2\/categories?post=978"},{"taxonomy":"post_tag","embeddable":true,"href":"https:\/\/www.csepelivaroskep.hu\/hirmondo\/wp-json\/wp\/v2\/tags?post=978"}],"curies":[{"name":"wp","href":"https:\/\/api.w.org\/{rel}","templated":true}]}}