{"id":21,"count":1,"description":"","link":"https:\/\/www.csepelivaroskep.hu\/osszetartozashaza\/tag\/muzeumok-ejszakaja-csepelen-2022\/","name":"M\u00fazeumok \u00c9jszak\u00e1ja Csepelen 2022","slug":"muzeumok-ejszakaja-csepelen-2022","taxonomy":"post_tag","meta":[],"_links":{"self":[{"href":"https:\/\/www.csepelivaroskep.hu\/osszetartozashaza\/wp-json\/wp\/v2\/tags\/21"}],"collection":[{"href":"https:\/\/www.csepelivaroskep.hu\/osszetartozashaza\/wp-json\/wp\/v2\/tags"}],"about":[{"href":"https:\/\/www.csepelivaroskep.hu\/osszetartozashaza\/wp-json\/wp\/v2\/taxonomies\/post_tag"}],"wp:post_type":[{"href":"https:\/\/www.csepelivaroskep.hu\/osszetartozashaza\/wp-json\/wp\/v2\/posts?tags=21"},{"href":"https:\/\/www.csepelivaroskep.hu\/osszetartozashaza\/wp-json\/wp\/v2\/tribe_events?tags=21"}],"curies":[{"name":"wp","href":"https:\/\/api.w.org\/{rel}","templated":true}]}}