{"id":1042,"global_id":"www.csepelivaroskep.hu\/radnoti?id=1042","global_id_lineage":["www.csepelivaroskep.hu\/radnoti?id=1042"],"author":"1","status":"publish","date":"2019-01-04 10:06:36","date_utc":"2019-01-04 10:06:36","modified":"2019-01-04 10:06:36","modified_utc":"2019-01-04 10:06:36","url":"https:\/\/www.csepelivaroskep.hu\/radnoti\/programok\/garazsvasar-csepelen-9\/","rest_url":"https:\/\/www.csepelivaroskep.hu\/radnoti\/wp-json\/tribe\/events\/v1\/events\/1042","title":"Gar\u00e1zsv\u00e1s\u00e1r Csepelen","description":"<p>Haszn\u00e1lt, de j\u00f3 \u00e1llapot\u00fa j\u00e1t\u00e9kok, k\u00f6nyvek, d\u00edszt\u00e1rgyak, ruh\u00e1k, haszn\u00e1lati t\u00e1rgyak ad\u00e1sv\u00e9tele, cser\u00e9je<\/p>\n<p>Asztalb\u00e9rl\u00e9s el\u0151v\u00e9telben \u00e1prilis 13-t\u00f3l: 1.500 Ft\/db<\/p>\n<p>&nbsp;<\/p>\n<p>&nbsp;<\/p>\n<p>GAR\u00c1ZSV\u00c1S\u00c1R SZAB\u00c1LYZAT<\/p>\n<ol>\n<li>A Gar\u00e1zsv\u00e1s\u00e1ron csak mag\u00e1nszem\u00e9lyek \u00e1rulhatnak, kiz\u00e1r\u00f3lag tiszta ruh\u00e1kat, j\u00e1t\u00e9kokat, k\u00f6nyveket, m\u0171szaki cikkeket, kieg\u00e9sz\u00edt\u0151ket, haszn\u00e1lati eszk\u00f6z\u00f6ket, stb.<\/li>\n<li>Az asztal a b\u00e9rleti d\u00edj el\u0151zetes befizet\u00e9s\u00e9vel vehet\u0151 ig\u00e9nybe, befizet\u00e9si sorrendben.<\/li>\n<li>A b\u00e9rleti d\u00edj csak az asztalt \u00e9s ter\u00fclet\u00e9t tartalmazza, enn\u00e9l nagyobb helyfoglal\u00e1s\u00e9rt (max. 1 nm asztal el\u0151tt, mellett) el\u0151v\u00e9telben vagy a helysz\u00ednen +500 Ft-ot sz\u00e1molunk fel (pl. saj\u00e1t \u00e1llv\u00e1ny, nagyobb t\u00e1rgy).<\/li>\n<li>A Gar\u00e1zsv\u00e1s\u00e1r napj\u00e1n 8 \u00f3r\u00e1t\u00f3l lehet az asztalokra kipakolni. Amennyiben valaki nem jelenik meg a Gar\u00e1zsv\u00e1s\u00e1ron, a b\u00e9rleti d\u00edjat nem tudjuk visszafizetni.<\/li>\n<li>A Gar\u00e1zsv\u00e1s\u00e1rra v\u00e1llalkoz\u00f3 nem j\u00f6het, amennyiben nagyobb mennyis\u00e9g\u0171 \u00faj term\u00e9kkel \u00e9rkezik, automatikusan keresked\u0151nek tekintj\u00fck, \u00e9s kiz\u00e1rjuk a Gar\u00e1zsv\u00e1s\u00e1rr\u00f3l. Ez esetben az asztalb\u00e9rleti d\u00edjat nem fizetj\u00fck vissza.<\/li>\n<li>A v\u00e1s\u00e1r ideje alatt a sz\u00ednpadra felmenni, \u00e1rut feltenni tilos! A falra, ablakra, t\u00fck\u00f6rre \u00e1rut tenni tilos!<\/li>\n<li>A v\u00e1s\u00e1r ut\u00e1n k\u00f6teles mindenki tiszt\u00e1n, rendben elhagyni a helysz\u00ednt.<\/li>\n<\/ol>\n<p>&nbsp;<\/p>","excerpt":"<p>Asztalb\u00e9rl\u00e9s \u00e1prilis 13-t\u00f3l<\/p>","slug":"garazsvasar-csepelen-9","image":{"url":"https:\/\/www.csepelivaroskep.hu\/radnoti\/wp-content\/uploads\/sites\/2\/2019\/01\/garazs_2019_1_A3-page-001.jpg","id":1036,"extension":"jpg","width":1754,"height":2480,"sizes":{"thumbnail":{"width":150,"height":150,"mime-type":"image\/jpeg","url":"https:\/\/www.csepelivaroskep.hu\/radnoti\/wp-content\/uploads\/sites\/2\/2019\/01\/garazs_2019_1_A3-page-001-150x150.jpg"},"medium":{"width":212,"height":300,"mime-type":"image\/jpeg","url":"https:\/\/www.csepelivaroskep.hu\/radnoti\/wp-content\/uploads\/sites\/2\/2019\/01\/garazs_2019_1_A3-page-001-212x300.jpg"},"medium_large":{"width":768,"height":1086,"mime-type":"image\/jpeg","url":"https:\/\/www.csepelivaroskep.hu\/radnoti\/wp-content\/uploads\/sites\/2\/2019\/01\/garazs_2019_1_A3-page-001-768x1086.jpg"},"large":{"width":724,"height":1024,"mime-type":"image\/jpeg","url":"https:\/\/www.csepelivaroskep.hu\/radnoti\/wp-content\/uploads\/sites\/2\/2019\/01\/garazs_2019_1_A3-page-001-724x1024.jpg"}}},"all_day":false,"start_date":"2019-05-11 09:00:00","start_date_details":{"year":"2019","month":"05","day":"11","hour":"09","minutes":"00","seconds":"00"},"end_date":"2019-05-11 13:00:00","end_date_details":{"year":"2019","month":"05","day":"11","hour":"13","minutes":"00","seconds":"00"},"utc_start_date":"2019-05-11 09:00:00","utc_start_date_details":{"year":"2019","month":"05","day":"11","hour":"09","minutes":"00","seconds":"00"},"utc_end_date":"2019-05-11 13:00:00","utc_end_date_details":{"year":"2019","month":"05","day":"11","hour":"13","minutes":"00","seconds":"00"},"timezone":"UTC+0","timezone_abbr":"UTC+0","cost":"","cost_details":{"currency_symbol":"","currency_code":"","currency_position":"prefix","values":[]},"website":"","show_map":true,"show_map_link":true,"hide_from_listings":false,"sticky":false,"featured":false,"categories":[{"name":"Radn\u00f3ti Esem\u00e9nyek","slug":"radnoti-esemenyek","term_group":0,"term_taxonomy_id":3,"taxonomy":"tribe_events_cat","description":"","parent":0,"count":263,"filter":"raw","id":3,"urls":{"self":"https:\/\/www.csepelivaroskep.hu\/radnoti\/wp-json\/tribe\/events\/v1\/categories\/3","collection":"https:\/\/www.csepelivaroskep.hu\/radnoti\/wp-json\/tribe\/events\/v1\/categories"}}],"tags":[{"name":"Csepel","slug":"csepel","term_group":0,"term_taxonomy_id":14,"taxonomy":"post_tag","description":"","parent":0,"count":215,"filter":"raw","id":14,"urls":{"self":"https:\/\/www.csepelivaroskep.hu\/radnoti\/wp-json\/tribe\/events\/v1\/tags\/14","collection":"https:\/\/www.csepelivaroskep.hu\/radnoti\/wp-json\/tribe\/events\/v1\/tags"}},{"name":"K\u00f6z\u00f6ss\u00e9g","slug":"kozosseg","term_group":0,"term_taxonomy_id":27,"taxonomy":"post_tag","description":"","parent":0,"count":107,"filter":"raw","id":27,"urls":{"self":"https:\/\/www.csepelivaroskep.hu\/radnoti\/wp-json\/tribe\/events\/v1\/tags\/27","collection":"https:\/\/www.csepelivaroskep.hu\/radnoti\/wp-json\/tribe\/events\/v1\/tags"}},{"name":"Program","slug":"program","term_group":0,"term_taxonomy_id":13,"taxonomy":"post_tag","description":"","parent":0,"count":182,"filter":"raw","id":13,"urls":{"self":"https:\/\/www.csepelivaroskep.hu\/radnoti\/wp-json\/tribe\/events\/v1\/tags\/13","collection":"https:\/\/www.csepelivaroskep.hu\/radnoti\/wp-json\/tribe\/events\/v1\/tags"}},{"name":"V\u00e1s\u00e1r","slug":"vasar","term_group":0,"term_taxonomy_id":11,"taxonomy":"post_tag","description":"","parent":0,"count":53,"filter":"raw","id":11,"urls":{"self":"https:\/\/www.csepelivaroskep.hu\/radnoti\/wp-json\/tribe\/events\/v1\/tags\/11","collection":"https:\/\/www.csepelivaroskep.hu\/radnoti\/wp-json\/tribe\/events\/v1\/tags"}}],"venue":{"id":15,"author":"1","status":"publish","date":"2018-02-11 07:21:55","date_utc":"2018-02-11 07:21:55","modified":"2018-04-26 14:04:16","modified_utc":"2018-04-26 14:04:16","url":"https:\/\/www.csepelivaroskep.hu\/radnoti\/helyszin\/radnoti-miklos-muvelodesi-haz\/","venue":"Radn\u00f3ti Mikl\u00f3s M\u0171vel\u0151d\u00e9si H\u00e1z","slug":"radnoti-miklos-muvelodesi-haz","address":"V\u00e9nusz utca 2.","city":"Budapest","country":"Magyarorsz\u00e1g","zip":"1214","phone":"+3612782757","website":"www.csepelivaroskep.hu\/radnoti","json_ld":{"@type":"Place","name":"Radn\u00f3ti Mikl\u00f3s M\u0171vel\u0151d\u00e9si H\u00e1z","description":"","url":"","address":{"@type":"PostalAddress","streetAddress":"V\u00e9nusz utca 2.","addressLocality":"Budapest","postalCode":"1214","addressCountry":"Magyarorsz\u00e1g"},"telephone":"+3612782757","sameAs":"www.csepelivaroskep.hu\/radnoti"},"show_map":true,"show_map_link":true,"global_id":"www.csepelivaroskep.hu\/radnoti?id=15","global_id_lineage":["www.csepelivaroskep.hu\/radnoti?id=15"]},"organizer":[],"json_ld":{"@context":"http:\/\/schema.org","@type":"Event","name":"Gar\u00e1zsv\u00e1s\u00e1r Csepelen","description":"&lt;p&gt;Asztalb\u00e9rl\u00e9s \u00e1prilis 13-t\u00f3l&lt;\/p&gt;\\n","image":"https:\/\/www.csepelivaroskep.hu\/radnoti\/wp-content\/uploads\/sites\/2\/2019\/01\/garazs_2019_1_A3-page-001.jpg","url":"https:\/\/www.csepelivaroskep.hu\/radnoti\/programok\/garazsvasar-csepelen-9\/","startDate":"2019-05-11T09:00:00+00:00","endDate":"2019-05-11T13:00:00+00:00","location":{"@type":"Place","name":"Radn\u00f3ti Mikl\u00f3s M\u0171vel\u0151d\u00e9si H\u00e1z","description":"","url":"","address":{"@type":"PostalAddress","streetAddress":"V\u00e9nusz utca 2.","addressLocality":"Budapest","postalCode":"1214","addressCountry":"Magyarorsz\u00e1g"},"telephone":"+3612782757","sameAs":"www.csepelivaroskep.hu\/radnoti"},"performer":"Organization"}}