{"id":34,"count":14,"description":"","link":"https:\/\/www.csepelivaroskep.hu\/radnoti\/tag\/eskuvo-kiallitas\/","name":"Esk\u00fcv\u0151 ki\u00e1ll\u00edt\u00e1s","slug":"eskuvo-kiallitas","taxonomy":"post_tag","meta":[],"_links":{"self":[{"href":"https:\/\/www.csepelivaroskep.hu\/radnoti\/wp-json\/wp\/v2\/tags\/34"}],"collection":[{"href":"https:\/\/www.csepelivaroskep.hu\/radnoti\/wp-json\/wp\/v2\/tags"}],"about":[{"href":"https:\/\/www.csepelivaroskep.hu\/radnoti\/wp-json\/wp\/v2\/taxonomies\/post_tag"}],"wp:post_type":[{"href":"https:\/\/www.csepelivaroskep.hu\/radnoti\/wp-json\/wp\/v2\/posts?tags=34"},{"href":"https:\/\/www.csepelivaroskep.hu\/radnoti\/wp-json\/wp\/v2\/tribe_events?tags=34"}],"curies":[{"name":"wp","href":"https:\/\/api.w.org\/{rel}","templated":true}]}}